{"id":13828,"date":"2022-09-21T16:08:53","date_gmt":"2022-09-21T16:08:53","guid":{"rendered":"http:\/\/lahora.mx\/?p=13828"},"modified":"2022-09-21T16:15:17","modified_gmt":"2022-09-21T16:15:17","slug":"revelan-documento-con-el-que-segob-busca-convencer-a-priistas-para-votar-a-favor-de-reforma-militar","status":"publish","type":"post","link":"https:\/\/lahora.mx\/index.php\/2022\/09\/21\/revelan-documento-con-el-que-segob-busca-convencer-a-priistas-para-votar-a-favor-de-reforma-militar\/","title":{"rendered":"As\u00ed intentan convencer a los Priistas para reformar militar"},"content":{"rendered":"\n<p>Esta ma\u00f1ana se dio a conocer en el Senado un proyecto de iniciativa complementaria a la que ya fue aprobada en comisiones para que el gabinete de seguridad comparezca cada seis meses ante el Congreso.<\/p>\n\n\n\n<p>El documento, que a\u00fan est\u00e1 en calidad de \u00abborrador\u00bb, busca destrabar las negociaciones para que se apruebe la reforma a fin de que se prorrogue la presencia de las Fuerzas Armadas en las calles hasta 2028.<\/p>\n\n\n\n<p>La bancada del PAN denunci\u00f3 que la nueva propuesta fue elaborada por la doctora Elva Arjona, a quien identifica como funcionaria de la Secretar\u00eda de Gobernaci\u00f3n.<\/p>\n\n\n\n<p>La iniciativa plantea reformar el art\u00edculo sexto transitorio de la Constituci\u00f3n, para obligar a los titulares de las secretar\u00edas de Seguridad y Protecci\u00f3n Ciudadana, Defensa Nacional y Marina, a comparecer bimestralmente ante una comisi\u00f3n bicameral, a fin de evaluar los avances, conformaci\u00f3n y funcionamiento de la Guardia Nacional.<\/p>\n\n\n\n<p>El coordinador del PAN en el Senado, Julen Rementer\u00eda, advirti\u00f3 que su bancada rechaza esta nueva iniciativa de reforma, que no le fue entregada formalmente.<\/p>\n\n\n\n<p>El documento precisa que se trata de una \u00abiniciativa con proyecto de Decreto que adiciona dos p\u00e1rrafos al Art\u00edculo Sexto transitorio del Decreto por el que se reforman, adicionan y derogan diversas disposiciones de la Constituci\u00f3n Pol\u00edtica de los Estados Unidos Mexicanos, en materia de Guardia Nacional\u00bb.<\/p>\n\n\n\n<p>La propuesta pretende disponer lo conducente, a fin de que el Congreso de la Uni\u00f3n sea debidamente informado de los avances que se registren en la conformaci\u00f3n y funcionamiento de la Guardia Nacional, y de la participaci\u00f3n de las secretar\u00edas de Defensa Nacional, Marina y Seguridad P\u00fablica y Protecci\u00f3n Ciudadana en ese proceso.<\/p>\n\n\n\n<p>\u00abSe adicionan dos p\u00e1rrafos al Art\u00edculo Sexto Transitorio del Decreto por el que se reforman, adicionan y derogan diversas disposiciones de la Constituci\u00f3n Pol\u00edtica de los Estados Unidos Mexicanos, en materia de Guardia Nacional, publicado en el Diario Oficial de la Federaci\u00f3n el 26 de marzo de 2019\u00bb, detalla.<\/p>\n\n\n\n<p>El proyecto se\u00f1ala que la Comisi\u00f3n Bicamaral de Seguridad convocar\u00e1 semestralmente a comparecer a los titulares de las Secretar\u00edas de Seguridad y Protecci\u00f3n Ciudadana y a las de Defensa Nacional y de Marina, \u00aba efecto de llevar a cabo la evaluaci\u00f3n de los avances en la conformaci\u00f3n y funcionamiento de la Guardia Nacional. Los informes referidos en el p\u00e1rrafo anterior deber\u00e1n contener indicadores objetivos; para efecto de la determinaci\u00f3n de los indicadores y el an\u00e1lisis, la Comisi\u00f3n Bicamaral convocar\u00e1 a un grupo de alto nivel integrado por organizaciones civiles y acad\u00e9micos especialistas en materia de seguridad, pudiendo convocar a expertos en materia local\u00bb.<\/p>\n\n\n\n<p>Monreal niega que iniciativa complementaria sobre Fuerzas Armadas haya sido elaborada por Segob<br>El coordinador de Morena y presidente de la Junta de Coordinaci\u00f3n Pol\u00edtica del Senado, Ricardo Monreal \u00c1vila, confirm\u00f3 la autenticidad de la iniciativa que circula esta ma\u00f1ana entre legisladores que complementar\u00eda la reforma para ampliar hasta 2028 la participaci\u00f3n de las fuerzas armadas en labores de seguridad p\u00fablica.<\/p>\n\n\n\n<p>En entrevista, el legislador zacatecano desminti\u00f3 que el documento haya sido elaborado en la Secretaria de Gobernaci\u00f3n, como denunci\u00f3 el coordinador de la bancada del PAN, Julen Rementer\u00eda.<\/p>\n","protected":false},"excerpt":{"rendered":"<p>Esta ma\u00f1ana se dio a conocer en el Senado un proyecto de iniciativa complementaria a la que ya fue aprobada en comisiones para que el gabinete de seguridad comparezca cada seis meses ante el Congreso. El documento, que a\u00fan est\u00e1 en calidad de \u00abborrador\u00bb, busca destrabar las negociaciones para que se apruebe la reforma a [&hellip;]<\/p>\n","protected":false},"author":4,"featured_media":13829,"comment_status":"open","ping_status":"open","sticky":false,"template":"","format":"standard","meta":{"om_disable_all_campaigns":false,"_monsterinsights_skip_tracking":false,"_monsterinsights_sitenote_active":false,"_monsterinsights_sitenote_note":"","_monsterinsights_sitenote_category":0,"footnotes":""},"categories":[176],"tags":[],"class_list":["post-13828","post","type-post","status-publish","format-standard","has-post-thumbnail","hentry","category-nacional"],"amp_enabled":true,"_links":{"self":[{"href":"https:\/\/lahora.mx\/index.php\/wp-json\/wp\/v2\/posts\/13828","targetHints":{"allow":["GET"]}}],"collection":[{"href":"https:\/\/lahora.mx\/index.php\/wp-json\/wp\/v2\/posts"}],"about":[{"href":"https:\/\/lahora.mx\/index.php\/wp-json\/wp\/v2\/types\/post"}],"author":[{"embeddable":true,"href":"https:\/\/lahora.mx\/index.php\/wp-json\/wp\/v2\/users\/4"}],"replies":[{"embeddable":true,"href":"https:\/\/lahora.mx\/index.php\/wp-json\/wp\/v2\/comments?post=13828"}],"version-history":[{"count":2,"href":"https:\/\/lahora.mx\/index.php\/wp-json\/wp\/v2\/posts\/13828\/revisions"}],"predecessor-version":[{"id":13832,"href":"https:\/\/lahora.mx\/index.php\/wp-json\/wp\/v2\/posts\/13828\/revisions\/13832"}],"wp:featuredmedia":[{"embeddable":true,"href":"https:\/\/lahora.mx\/index.php\/wp-json\/wp\/v2\/media\/13829"}],"wp:attachment":[{"href":"https:\/\/lahora.mx\/index.php\/wp-json\/wp\/v2\/media?parent=13828"}],"wp:term":[{"taxonomy":"category","embeddable":true,"href":"https:\/\/lahora.mx\/index.php\/wp-json\/wp\/v2\/categories?post=13828"},{"taxonomy":"post_tag","embeddable":true,"href":"https:\/\/lahora.mx\/index.php\/wp-json\/wp\/v2\/tags?post=13828"}],"curies":[{"name":"wp","href":"https:\/\/api.w.org\/{rel}","templated":true}]}}