{"id":1382,"date":"2022-01-10T16:32:22","date_gmt":"2022-01-10T16:32:22","guid":{"rendered":"http:\/\/lahora.mx\/?p=1382"},"modified":"2022-01-10T16:32:54","modified_gmt":"2022-01-10T16:32:54","slug":"rehabilitacion-vial-con-concreto-asfaltico-en-bosques-de-san-sebastiann","status":"publish","type":"post","link":"https:\/\/lahora.mx\/index.php\/2022\/01\/10\/rehabilitacion-vial-con-concreto-asfaltico-en-bosques-de-san-sebastiann\/","title":{"rendered":"Rehabilitaci\u00f3n vial con concreto asf\u00e1ltico en Bosques de San Sebasti\u00e1n"},"content":{"rendered":"<p>Eduardo Rivera alcalde de Puebla, present\u00f3 la rehabilitaci\u00f3n vial con concreto asf\u00e1ltico, del Boulevard Puebla en la colonia Bosques de San Sebasti\u00e1n.<\/p>\n","protected":false},"excerpt":{"rendered":"<p>Eduardo Rivera alcalde de Puebla, present\u00f3 la rehabilitaci\u00f3n vial con concreto asf\u00e1ltico, del Boulevard Puebla en la colonia Bosques de San Sebasti\u00e1n.<\/p>\n","protected":false},"author":4,"featured_media":1383,"comment_status":"open","ping_status":"open","sticky":false,"template":"","format":"standard","meta":{"om_disable_all_campaigns":false,"_monsterinsights_skip_tracking":false,"_monsterinsights_sitenote_active":false,"_monsterinsights_sitenote_note":"","_monsterinsights_sitenote_category":0,"footnotes":""},"categories":[175],"tags":[],"class_list":["post-1382","post","type-post","status-publish","format-standard","has-post-thumbnail","hentry","category-local"],"amp_enabled":true,"_links":{"self":[{"href":"https:\/\/lahora.mx\/index.php\/wp-json\/wp\/v2\/posts\/1382","targetHints":{"allow":["GET"]}}],"collection":[{"href":"https:\/\/lahora.mx\/index.php\/wp-json\/wp\/v2\/posts"}],"about":[{"href":"https:\/\/lahora.mx\/index.php\/wp-json\/wp\/v2\/types\/post"}],"author":[{"embeddable":true,"href":"https:\/\/lahora.mx\/index.php\/wp-json\/wp\/v2\/users\/4"}],"replies":[{"embeddable":true,"href":"https:\/\/lahora.mx\/index.php\/wp-json\/wp\/v2\/comments?post=1382"}],"version-history":[{"count":3,"href":"https:\/\/lahora.mx\/index.php\/wp-json\/wp\/v2\/posts\/1382\/revisions"}],"predecessor-version":[{"id":1386,"href":"https:\/\/lahora.mx\/index.php\/wp-json\/wp\/v2\/posts\/1382\/revisions\/1386"}],"wp:featuredmedia":[{"embeddable":true,"href":"https:\/\/lahora.mx\/index.php\/wp-json\/wp\/v2\/media\/1383"}],"wp:attachment":[{"href":"https:\/\/lahora.mx\/index.php\/wp-json\/wp\/v2\/media?parent=1382"}],"wp:term":[{"taxonomy":"category","embeddable":true,"href":"https:\/\/lahora.mx\/index.php\/wp-json\/wp\/v2\/categories?post=1382"},{"taxonomy":"post_tag","embeddable":true,"href":"https:\/\/lahora.mx\/index.php\/wp-json\/wp\/v2\/tags?post=1382"}],"curies":[{"name":"wp","href":"https:\/\/api.w.org\/{rel}","templated":true}]}}