{"id":13760,"date":"2022-09-19T21:05:00","date_gmt":"2022-09-19T21:05:00","guid":{"rendered":"http:\/\/lahora.mx\/?p=13760"},"modified":"2022-09-19T21:05:01","modified_gmt":"2022-09-19T21:05:01","slug":"simulacro-nacional-2022-en-puebla-simula-colapso-de-distribuidor-juarez-serdan","status":"publish","type":"post","link":"https:\/\/lahora.mx\/index.php\/2022\/09\/19\/simulacro-nacional-2022-en-puebla-simula-colapso-de-distribuidor-juarez-serdan\/","title":{"rendered":"Simulacro Nacional 2022 en Puebla simula colapso de distribuidor Ju\u00e1rez Serd\u00e1n"},"content":{"rendered":"\n<p>Una estructura ha ca\u00eddo en la zona de la Fuente de los Frailes, 45 personas resultaron lesionadas y los cuerpos de emergencia han llegado hasta el lugar para auxiliar a los heridos que dej\u00f3 un sismo en Michoac\u00e1n magnitud 8.1 y que se ha sentido en la capital poblana. Pero no hay nada porque asustarse, todo es parte del Simulacro Nacional 2022 en el marco de los terremotos de 1985 y 2017.<\/p>\n\n\n\n<p>Se trata de un ejercicio para \u201centrenar\u201d a la sociedad en caso de una emergencia real y tambi\u00e9n a los cuerpos de auxilio, medir tiempos de respuesta y descubrir mejores pr\u00e1cticas e incluso hasta obst\u00e1culos en torno a las labores de rescate.<br>En esta ocasi\u00f3n en la ciudad de Puebla participaron elementos de Protecci\u00f3n Civil Municipal, Polic\u00eda Estatal y Municipal, adem\u00e1s del Sistema de Urgencias Medico Avanzadas (SUMA), entre otros.<\/p>\n\n\n\n<p>De acuerdo con lo planeado para este d\u00eda, se simulo el colapso del distribuidor Vial Ju\u00e1rez Serd\u00e1n tras el supuesto sismo en Michoac\u00e1n, dejando 45 personas lesionadas que fueron auxiliadas.<\/p>\n\n\n\n<p>Simulacro nacional 2022 en Puebla<br>El escenario planteado en la zona de la Fuente de los Frailes no fue el \u00fanico en la ciudad de Puebla, en punto de las 12:19 horas, la alerta s\u00edsmica son\u00f3 en diversas zonas de la ciudad, sobre todo en edificios p\u00fablicos como dependencias de gobierno y hospitales en donde bajo supervisi\u00f3n y con orden se desaloj\u00f3 a las personas.<\/p>\n","protected":false},"excerpt":{"rendered":"<p>Una estructura ha ca\u00eddo en la zona de la Fuente de los Frailes, 45 personas resultaron lesionadas y los cuerpos de emergencia han llegado hasta el lugar para auxiliar a los heridos que dej\u00f3 un sismo en Michoac\u00e1n magnitud 8.1 y que se ha sentido en la capital poblana. Pero no hay nada porque asustarse, [&hellip;]<\/p>\n","protected":false},"author":4,"featured_media":13761,"comment_status":"open","ping_status":"open","sticky":false,"template":"","format":"standard","meta":{"om_disable_all_campaigns":false,"_monsterinsights_skip_tracking":false,"_monsterinsights_sitenote_active":false,"_monsterinsights_sitenote_note":"","_monsterinsights_sitenote_category":0,"footnotes":""},"categories":[175],"tags":[223],"class_list":["post-13760","post","type-post","status-publish","format-standard","has-post-thumbnail","hentry","category-local","tag-puebla"],"amp_enabled":true,"_links":{"self":[{"href":"https:\/\/lahora.mx\/index.php\/wp-json\/wp\/v2\/posts\/13760","targetHints":{"allow":["GET"]}}],"collection":[{"href":"https:\/\/lahora.mx\/index.php\/wp-json\/wp\/v2\/posts"}],"about":[{"href":"https:\/\/lahora.mx\/index.php\/wp-json\/wp\/v2\/types\/post"}],"author":[{"embeddable":true,"href":"https:\/\/lahora.mx\/index.php\/wp-json\/wp\/v2\/users\/4"}],"replies":[{"embeddable":true,"href":"https:\/\/lahora.mx\/index.php\/wp-json\/wp\/v2\/comments?post=13760"}],"version-history":[{"count":1,"href":"https:\/\/lahora.mx\/index.php\/wp-json\/wp\/v2\/posts\/13760\/revisions"}],"predecessor-version":[{"id":13762,"href":"https:\/\/lahora.mx\/index.php\/wp-json\/wp\/v2\/posts\/13760\/revisions\/13762"}],"wp:featuredmedia":[{"embeddable":true,"href":"https:\/\/lahora.mx\/index.php\/wp-json\/wp\/v2\/media\/13761"}],"wp:attachment":[{"href":"https:\/\/lahora.mx\/index.php\/wp-json\/wp\/v2\/media?parent=13760"}],"wp:term":[{"taxonomy":"category","embeddable":true,"href":"https:\/\/lahora.mx\/index.php\/wp-json\/wp\/v2\/categories?post=13760"},{"taxonomy":"post_tag","embeddable":true,"href":"https:\/\/lahora.mx\/index.php\/wp-json\/wp\/v2\/tags?post=13760"}],"curies":[{"name":"wp","href":"https:\/\/api.w.org\/{rel}","templated":true}]}}