{"id":13750,"date":"2022-09-19T18:32:45","date_gmt":"2022-09-19T18:32:45","guid":{"rendered":"http:\/\/lahora.mx\/?p=13750"},"modified":"2022-09-19T18:32:45","modified_gmt":"2022-09-19T18:32:45","slug":"confirma-el-gobierno-de-puebla-que-el-edil-de-quimixtlan-huye-tras-investigaciones","status":"publish","type":"post","link":"https:\/\/lahora.mx\/index.php\/2022\/09\/19\/confirma-el-gobierno-de-puebla-que-el-edil-de-quimixtlan-huye-tras-investigaciones\/","title":{"rendered":"Confirma el gobierno de Puebla que el Edil de Quimixtl\u00e1n huye tras investigaciones"},"content":{"rendered":"\n<p>Confirm\u00f3 el gobierno de Puebla que el presidente municipal de Quimixtl\u00e1n, Armando Pimentel G\u00f3mez, es investigado por su probable colusi\u00f3n con grupos criminales, situaci\u00f3n que lo llev\u00f3 a huir y solicitar una licencia permanente a su cargo en el ayuntamiento.<\/p>\n\n\n\n<p>La secretaria de Gobernaci\u00f3n Ana Luc\u00eda Hill Mayoral expuso que el edil ya fue sustituido ante el Cabildo por su suplente, por lo que se espera que tras las investigaciones correspondientes el acusado responda a los se\u00f1alamientos.<\/p>\n\n\n\n<p>De acuerdo con el gobernador de Puebla, Luis Miguel Barbosa Huerta la Unidad de Investigaci\u00f3n de la Fiscal\u00eda General del Estado (FGE) abri\u00f3 varias carpetas de investigaci\u00f3n en contra de Pimentel G\u00f3mez tras la detenci\u00f3n de 20 polic\u00edas municipales y la vinculaci\u00f3n a proceso de 14 elementos.<\/p>\n\n\n\n<p><br>Los hechos que derivaron en la investigaci\u00f3n y posterior escape del presidente municipal se registraron el 31 de agosto cuando detuvieron a una veintena de polic\u00edas municipales acusados por nexos con bandas criminales de Veracruz.<\/p>\n\n\n\n<p>Por estos hechos la FGE decomis\u00f3 patrullas, armamento y chalecos, con la finalidad de investigar a toda la corporaci\u00f3n del municipio y tras la audiencia inicial 14 de ellos quedaron sujetos a investigaci\u00f3n, por los delitos de usurpaci\u00f3n de funciones p\u00fablicas y uso indebido de uniformes o condecoraciones.<\/p>\n\n\n\n<p>Los elementos permanecen en el penal de Tepexi de Rodr\u00edguez, Puebla hasta que se defina su situaci\u00f3n legal, luego de que el juez impuso para ellos prisi\u00f3n preventiva justificada o necesaria.<\/p>\n\n\n\n<p>El mandatario Miguel Barbosa confirm\u00f3 que el edil huy\u00f3 tras recibir la noticia de que estaba siendo investigado, por lo que solicit\u00f3 licencia permanente al cargo y hasta el momento se desconoce su paradero.<\/p>\n\n\n\n<p>Ese fue el motivo por el que se suspendieron los festejos patrios, debido a que para esa fecha todav\u00eda el Cabildo se encontraba reestableciendo el orden.<\/p>\n\n\n\n<p>Mientras tanto el municipio de Quimixtl\u00e1n sigue sin polic\u00edas, ya que una sola patrulla es la que recorre la demarcaci\u00f3n alrededor de las 6:30 horas, sin embargo, se espera que en pr\u00f3ximos d\u00edas el estado tome el control de la Seguridad.<\/p>\n","protected":false},"excerpt":{"rendered":"<p>Confirm\u00f3 el gobierno de Puebla que el presidente municipal de Quimixtl\u00e1n, Armando Pimentel G\u00f3mez, es investigado por su probable colusi\u00f3n con grupos criminales, situaci\u00f3n que lo llev\u00f3 a huir y solicitar una licencia permanente a su cargo en el ayuntamiento. La secretaria de Gobernaci\u00f3n Ana Luc\u00eda Hill Mayoral expuso que el edil ya fue sustituido [&hellip;]<\/p>\n","protected":false},"author":4,"featured_media":13751,"comment_status":"open","ping_status":"open","sticky":false,"template":"","format":"standard","meta":{"om_disable_all_campaigns":false,"_monsterinsights_skip_tracking":false,"_monsterinsights_sitenote_active":false,"_monsterinsights_sitenote_note":"","_monsterinsights_sitenote_category":0,"footnotes":""},"categories":[175],"tags":[223],"class_list":["post-13750","post","type-post","status-publish","format-standard","has-post-thumbnail","hentry","category-local","tag-puebla"],"amp_enabled":true,"_links":{"self":[{"href":"https:\/\/lahora.mx\/index.php\/wp-json\/wp\/v2\/posts\/13750","targetHints":{"allow":["GET"]}}],"collection":[{"href":"https:\/\/lahora.mx\/index.php\/wp-json\/wp\/v2\/posts"}],"about":[{"href":"https:\/\/lahora.mx\/index.php\/wp-json\/wp\/v2\/types\/post"}],"author":[{"embeddable":true,"href":"https:\/\/lahora.mx\/index.php\/wp-json\/wp\/v2\/users\/4"}],"replies":[{"embeddable":true,"href":"https:\/\/lahora.mx\/index.php\/wp-json\/wp\/v2\/comments?post=13750"}],"version-history":[{"count":1,"href":"https:\/\/lahora.mx\/index.php\/wp-json\/wp\/v2\/posts\/13750\/revisions"}],"predecessor-version":[{"id":13752,"href":"https:\/\/lahora.mx\/index.php\/wp-json\/wp\/v2\/posts\/13750\/revisions\/13752"}],"wp:featuredmedia":[{"embeddable":true,"href":"https:\/\/lahora.mx\/index.php\/wp-json\/wp\/v2\/media\/13751"}],"wp:attachment":[{"href":"https:\/\/lahora.mx\/index.php\/wp-json\/wp\/v2\/media?parent=13750"}],"wp:term":[{"taxonomy":"category","embeddable":true,"href":"https:\/\/lahora.mx\/index.php\/wp-json\/wp\/v2\/categories?post=13750"},{"taxonomy":"post_tag","embeddable":true,"href":"https:\/\/lahora.mx\/index.php\/wp-json\/wp\/v2\/tags?post=13750"}],"curies":[{"name":"wp","href":"https:\/\/api.w.org\/{rel}","templated":true}]}}