{"id":13691,"date":"2022-09-18T16:53:37","date_gmt":"2022-09-18T16:53:37","guid":{"rendered":"http:\/\/lahora.mx\/?p=13691"},"modified":"2022-09-18T16:53:38","modified_gmt":"2022-09-18T16:53:38","slug":"aun-sin-fecha-para-avalar-concesion-de-espacios-publicitarios-en-puebla","status":"publish","type":"post","link":"https:\/\/lahora.mx\/index.php\/2022\/09\/18\/aun-sin-fecha-para-avalar-concesion-de-espacios-publicitarios-en-puebla\/","title":{"rendered":"Aun sin fecha para avalar concesi\u00f3n de espacios publicitarios en Puebla"},"content":{"rendered":"\n<p>El ayuntamiento de Puebla esperar\u00e1 la aprobaci\u00f3n del Congreso del Estado para realizar las bases de la concesi\u00f3n de espacios publicitarios en paraderos de autob\u00fas, pendones y puentes peatonales de la ciudad, por un plazo de 3 a\u00f1os y 6 meses, as\u00ed lo inform\u00f3 el secretario de Gesti\u00f3n y Desarrollo Urbano, Felipe Vel\u00e1zquez Guti\u00e9rrez, quien dijo desconocer cuando pueda ser avalada.<\/p>\n\n\n\n<p>En entrevista, el funcionario municipal explic\u00f3 que, por la temporalidad del servicio, el gobierno de la ciudad solicit\u00f3 al Congreso la autorizaci\u00f3n para emitir una licitaci\u00f3n, a fin de otorgar el t\u00edtulo de concesi\u00f3n correspondiente, sin embargo, dijo que no se sabe cu\u00e1ndo pueda ser aprobada.<\/p>\n\n\n\n<p>\u201cPrimero tenemos que saber si es aprobado y despu\u00e9s entraremos al detalle (\u2026) Nosotros estamos preparados en el momento que se decida en un sentido y en otro tener una ruta de que hacer, solo estamos en espera de que decida el Congreso del Estado\u201d, dijo.<br>Fue el 7 de julio que el Cabildo de Puebla aprob\u00f3 por mayor\u00eda de votos concesionar espacios publicitarios por 3 a\u00f1os y 6 meses, dando la posibilidad a la siguiente administraci\u00f3n evaluar el desempe\u00f1o de la empresa seleccionada dando opci\u00f3n a prorrogar o no dicha concesi\u00f3n.<\/p>\n\n\n\n<p>En el dictamen se estim\u00f3 que el gobierno municipal recibir\u00eda 1.7 millones de pesos anuales, en donde se contempla la instalaci\u00f3n de 25 espacios publicitarios iluminados, as\u00ed como la operaci\u00f3n, mantenimiento y reparaci\u00f3n de 486 equipamientos en zonas de espera de transporte p\u00fablico para que sean ocupadas para uso publicitario, as\u00ed como de 800 pendones y contra pendones en 26 vialidades y 33 puentes peatonales.<\/p>\n\n\n\n<p>Es de mencionar que dicha concesi\u00f3n est\u00e1 frenada desde hace seis meses, pues el 28 de marzo, el entonces secretario de Gesti\u00f3n y Desarrollo Urbano, Michel Cha\u00edn Carrillo, anunci\u00f3 que el ayuntamiento entregar\u00eda por diez a\u00f1os la concesi\u00f3n de espacios publicitarios, sin embargo, el gobernador Luis Miguel Barbosa Huerta reprob\u00f3 la medida y pidi\u00f3 limitar la concesi\u00f3n a la presente administraci\u00f3n del alcalde Eduardo Rivera P\u00e9rez.<\/p>\n","protected":false},"excerpt":{"rendered":"<p>El ayuntamiento de Puebla esperar\u00e1 la aprobaci\u00f3n del Congreso del Estado para realizar las bases de la concesi\u00f3n de espacios publicitarios en paraderos de autob\u00fas, pendones y puentes peatonales de la ciudad, por un plazo de 3 a\u00f1os y 6 meses, as\u00ed lo inform\u00f3 el secretario de Gesti\u00f3n y Desarrollo Urbano, Felipe Vel\u00e1zquez Guti\u00e9rrez, quien [&hellip;]<\/p>\n","protected":false},"author":4,"featured_media":13692,"comment_status":"open","ping_status":"open","sticky":false,"template":"","format":"standard","meta":{"om_disable_all_campaigns":false,"_monsterinsights_skip_tracking":false,"_monsterinsights_sitenote_active":false,"_monsterinsights_sitenote_note":"","_monsterinsights_sitenote_category":0,"footnotes":""},"categories":[175],"tags":[227,195],"class_list":["post-13691","post","type-post","status-publish","format-standard","has-post-thumbnail","hentry","category-local","tag-congreso","tag-principal"],"amp_enabled":true,"_links":{"self":[{"href":"https:\/\/lahora.mx\/index.php\/wp-json\/wp\/v2\/posts\/13691","targetHints":{"allow":["GET"]}}],"collection":[{"href":"https:\/\/lahora.mx\/index.php\/wp-json\/wp\/v2\/posts"}],"about":[{"href":"https:\/\/lahora.mx\/index.php\/wp-json\/wp\/v2\/types\/post"}],"author":[{"embeddable":true,"href":"https:\/\/lahora.mx\/index.php\/wp-json\/wp\/v2\/users\/4"}],"replies":[{"embeddable":true,"href":"https:\/\/lahora.mx\/index.php\/wp-json\/wp\/v2\/comments?post=13691"}],"version-history":[{"count":1,"href":"https:\/\/lahora.mx\/index.php\/wp-json\/wp\/v2\/posts\/13691\/revisions"}],"predecessor-version":[{"id":13693,"href":"https:\/\/lahora.mx\/index.php\/wp-json\/wp\/v2\/posts\/13691\/revisions\/13693"}],"wp:featuredmedia":[{"embeddable":true,"href":"https:\/\/lahora.mx\/index.php\/wp-json\/wp\/v2\/media\/13692"}],"wp:attachment":[{"href":"https:\/\/lahora.mx\/index.php\/wp-json\/wp\/v2\/media?parent=13691"}],"wp:term":[{"taxonomy":"category","embeddable":true,"href":"https:\/\/lahora.mx\/index.php\/wp-json\/wp\/v2\/categories?post=13691"},{"taxonomy":"post_tag","embeddable":true,"href":"https:\/\/lahora.mx\/index.php\/wp-json\/wp\/v2\/tags?post=13691"}],"curies":[{"name":"wp","href":"https:\/\/api.w.org\/{rel}","templated":true}]}}