{"id":1367,"date":"2022-01-10T00:57:28","date_gmt":"2022-01-10T00:57:28","guid":{"rendered":"http:\/\/lahora.mx\/?p=1367"},"modified":"2022-01-10T00:57:28","modified_gmt":"2022-01-10T00:57:28","slug":"arzobispo-se-expresa-lamenta-ola-de-violencia-que-se-vive-en-el-estado","status":"publish","type":"post","link":"https:\/\/lahora.mx\/index.php\/2022\/01\/10\/arzobispo-se-expresa-lamenta-ola-de-violencia-que-se-vive-en-el-estado\/","title":{"rendered":"Arzobispo se expresa: lamenta ola de violencia que se vive en el estado"},"content":{"rendered":"<p>El arzobispo de Puebla, V\u00edctor S\u00e1nchez Espinosa, lament\u00f3 que en el Estado de Puebla, la inseguridad y la violencia vayan en aumento por lo que solicit\u00f3 a las autoridades tomar acciones inmediatas que lleven a generar orden y paz.<br \/>\nSe\u00f1al\u00f3 que la violencia tiene como consecuencia la fractura de la unidad y pidi\u00f3 a los feligreses y a la sociedad ayudar a recomponer el tejido social.<\/p>\n<p>\u201cEs lamentable y triste escuchar en las noticias que todos los d\u00edas hay asesinatos, que hay personas desaparecidas y violencia en todas partes. Por eso las autoridades deben actuar; hay mucho desprecio a la vida y tenemos que respetar la vida de los dem\u00e1s porque la vida no las da Dios y la vida no las quita Dios\u201d, externo<br \/>\nDe igual manera pidi\u00f3 a la comunidad continuar con las medidas de prevenci\u00f3n ante la pandemia toda vez que la cuarta ola de covid-19 lleg\u00f3 a la entidad y hay presencia de contagios con la variante \u00d3micron. Tambi\u00e9n recomend\u00f3 no bajar la guardia y\u00a0 continuar con el uso del cubrebocas, as\u00ed como el uso de gel antibacterial, guardar la sana distancia, no saludar de beso y no convivir con personas con problemas respiratorios, con el objetivo de que los contagios vayan a la baja.<\/p>\n<p>Finalmente, pidi\u00f3 por el descanso eterno de\u00a0 Isaac Felipe Alonso \u00a0joven estudiante de la (BUAP), quien vend\u00eda dulces afuera de la Catedral y falleci\u00f3 el pasado lunes 3 de enero, a causa del c\u00e1ncer de est\u00f3mago que padec\u00eda.<\/p>\n<div id=\"div-gpt-ad-1623355430247-0\" class=\"text-center mb-3\">\n<div id=\"bling-7\" data-google-query-id=\"COvYjLHtpfUCFcjt9QIdo90B2w\"><\/div>\n<\/div>\n<div id=\"div-gpt-ad-1638384577850-0\" class=\"text-center mb-3\">\n<div id=\"bling-6\" data-google-query-id=\"CMjF4rDtpfUCFfza9QId1m0IEQ\">\n<div id=\"div-gpt-ad-1638384577850-0\" class=\"text-center mb-3\">\n<div id=\"bling-6\" data-google-query-id=\"CMjF4rDtpfUCFfza9QId1m0IEQ\"><\/div>\n<\/div>\n<\/div>\n<\/div>\n","protected":false},"excerpt":{"rendered":"<p>El arzobispo de Puebla, V\u00edctor S\u00e1nchez Espinosa, lament\u00f3 que en el Estado de Puebla, la inseguridad y la violencia vayan en aumento por lo que solicit\u00f3 a las autoridades tomar acciones inmediatas que lleven a generar orden y paz. Se\u00f1al\u00f3 que la violencia tiene como consecuencia la fractura de la unidad y pidi\u00f3 a los [&hellip;]<\/p>\n","protected":false},"author":4,"featured_media":1376,"comment_status":"open","ping_status":"open","sticky":false,"template":"","format":"standard","meta":{"om_disable_all_campaigns":false,"_monsterinsights_skip_tracking":false,"_monsterinsights_sitenote_active":false,"_monsterinsights_sitenote_note":"","_monsterinsights_sitenote_category":0,"footnotes":""},"categories":[175],"tags":[],"class_list":["post-1367","post","type-post","status-publish","format-standard","has-post-thumbnail","hentry","category-local"],"amp_enabled":true,"_links":{"self":[{"href":"https:\/\/lahora.mx\/index.php\/wp-json\/wp\/v2\/posts\/1367","targetHints":{"allow":["GET"]}}],"collection":[{"href":"https:\/\/lahora.mx\/index.php\/wp-json\/wp\/v2\/posts"}],"about":[{"href":"https:\/\/lahora.mx\/index.php\/wp-json\/wp\/v2\/types\/post"}],"author":[{"embeddable":true,"href":"https:\/\/lahora.mx\/index.php\/wp-json\/wp\/v2\/users\/4"}],"replies":[{"embeddable":true,"href":"https:\/\/lahora.mx\/index.php\/wp-json\/wp\/v2\/comments?post=1367"}],"version-history":[{"count":1,"href":"https:\/\/lahora.mx\/index.php\/wp-json\/wp\/v2\/posts\/1367\/revisions"}],"predecessor-version":[{"id":1377,"href":"https:\/\/lahora.mx\/index.php\/wp-json\/wp\/v2\/posts\/1367\/revisions\/1377"}],"wp:featuredmedia":[{"embeddable":true,"href":"https:\/\/lahora.mx\/index.php\/wp-json\/wp\/v2\/media\/1376"}],"wp:attachment":[{"href":"https:\/\/lahora.mx\/index.php\/wp-json\/wp\/v2\/media?parent=1367"}],"wp:term":[{"taxonomy":"category","embeddable":true,"href":"https:\/\/lahora.mx\/index.php\/wp-json\/wp\/v2\/categories?post=1367"},{"taxonomy":"post_tag","embeddable":true,"href":"https:\/\/lahora.mx\/index.php\/wp-json\/wp\/v2\/tags?post=1367"}],"curies":[{"name":"wp","href":"https:\/\/api.w.org\/{rel}","templated":true}]}}