{"id":13650,"date":"2022-09-16T19:32:37","date_gmt":"2022-09-16T19:32:37","guid":{"rendered":"http:\/\/lahora.mx\/?p=13650"},"modified":"2022-09-16T19:32:38","modified_gmt":"2022-09-16T19:32:38","slug":"matan-a-comisario-ejidal-de-moyotzingo-durante-fiesta-patrias","status":"publish","type":"post","link":"https:\/\/lahora.mx\/index.php\/2022\/09\/16\/matan-a-comisario-ejidal-de-moyotzingo-durante-fiesta-patrias\/","title":{"rendered":"Matan a comisario ejidal de Moyotzingo durante fiesta patrias"},"content":{"rendered":"\n<p>Un comisario ejidal de Santa Mar\u00eda Moyotzingo fue asesinado a balazos tras la coronaci\u00f3n de la \u201creina de las fiestas patrias\u201d de la localidad, perteneciente al municipio de San Mart\u00edn Texmelucan.<\/p>\n\n\n\n<p>En la madrugada Sa\u00fal Ram\u00edrez se dirig\u00eda a su domicilio ubicado en la junta auxiliar, cuando fue interceptado y baleado por sujetos desconocidos que se dieron a la fuga tras cometer el crimen.<\/p>\n\n\n\n<p>Vecinos de la localidad que escucharon las detonaciones de arma de fuego y vieron al comisario ejidal tirado, llamaron a las asistencias m\u00e9dicas.<\/p>\n\n\n\n<p>Param\u00e9dicos de la regi\u00f3n llegaron, atendieron al hombre y fue llevado a un hospital privado para su atenci\u00f3n m\u00e9dica, sin embargo, no resisti\u00f3 y muri\u00f3.<br>Ante los hechos, se dio parte a la Fiscal\u00eda General del Estado (FGE), que se encarg\u00f3 de ordenar el traslado del cuerpo a la morgue para la necropsia de ley, adem\u00e1s de que se dio inicio a la carpeta de investigaci\u00f3n correspondiente para esclarecer los hechos.<\/p>\n","protected":false},"excerpt":{"rendered":"<p>Un comisario ejidal de Santa Mar\u00eda Moyotzingo fue asesinado a balazos tras la coronaci\u00f3n de la \u201creina de las fiestas patrias\u201d de la localidad, perteneciente al municipio de San Mart\u00edn Texmelucan. En la madrugada Sa\u00fal Ram\u00edrez se dirig\u00eda a su domicilio ubicado en la junta auxiliar, cuando fue interceptado y baleado por sujetos desconocidos que [&hellip;]<\/p>\n","protected":false},"author":4,"featured_media":13652,"comment_status":"open","ping_status":"open","sticky":false,"template":"","format":"standard","meta":{"om_disable_all_campaigns":false,"_monsterinsights_skip_tracking":false,"_monsterinsights_sitenote_active":false,"_monsterinsights_sitenote_note":"","_monsterinsights_sitenote_category":0,"footnotes":""},"categories":[175,226],"tags":[223],"class_list":["post-13650","post","type-post","status-publish","format-standard","has-post-thumbnail","hentry","category-local","category-policia","tag-puebla"],"amp_enabled":true,"_links":{"self":[{"href":"https:\/\/lahora.mx\/index.php\/wp-json\/wp\/v2\/posts\/13650","targetHints":{"allow":["GET"]}}],"collection":[{"href":"https:\/\/lahora.mx\/index.php\/wp-json\/wp\/v2\/posts"}],"about":[{"href":"https:\/\/lahora.mx\/index.php\/wp-json\/wp\/v2\/types\/post"}],"author":[{"embeddable":true,"href":"https:\/\/lahora.mx\/index.php\/wp-json\/wp\/v2\/users\/4"}],"replies":[{"embeddable":true,"href":"https:\/\/lahora.mx\/index.php\/wp-json\/wp\/v2\/comments?post=13650"}],"version-history":[{"count":1,"href":"https:\/\/lahora.mx\/index.php\/wp-json\/wp\/v2\/posts\/13650\/revisions"}],"predecessor-version":[{"id":13653,"href":"https:\/\/lahora.mx\/index.php\/wp-json\/wp\/v2\/posts\/13650\/revisions\/13653"}],"wp:featuredmedia":[{"embeddable":true,"href":"https:\/\/lahora.mx\/index.php\/wp-json\/wp\/v2\/media\/13652"}],"wp:attachment":[{"href":"https:\/\/lahora.mx\/index.php\/wp-json\/wp\/v2\/media?parent=13650"}],"wp:term":[{"taxonomy":"category","embeddable":true,"href":"https:\/\/lahora.mx\/index.php\/wp-json\/wp\/v2\/categories?post=13650"},{"taxonomy":"post_tag","embeddable":true,"href":"https:\/\/lahora.mx\/index.php\/wp-json\/wp\/v2\/tags?post=13650"}],"curies":[{"name":"wp","href":"https:\/\/api.w.org\/{rel}","templated":true}]}}