{"id":13551,"date":"2022-09-14T22:35:31","date_gmt":"2022-09-14T22:35:31","guid":{"rendered":"http:\/\/lahora.mx\/?p=13551"},"modified":"2022-09-14T22:35:31","modified_gmt":"2022-09-14T22:35:31","slug":"por-cinco-dias-volkswagen-detendra-su-produccion","status":"publish","type":"post","link":"https:\/\/lahora.mx\/index.php\/2022\/09\/14\/por-cinco-dias-volkswagen-detendra-su-produccion\/","title":{"rendered":"Por cinco d\u00edas Volkswagen detendr\u00e1 su producci\u00f3n"},"content":{"rendered":"\n<p>La empresa Volkswagen M\u00e9xico asentada en el estado de Puebla, detendr\u00e1 la siguiente semana toda su producci\u00f3n de autom\u00f3viles debido a la falta de disponibilidad de materiales.<\/p>\n\n\n\n<p>A trav\u00e9s de un comunicado interno, el Sindicato Independiente de Trabajadores de la Industria Automotriz, Similares y Conexos \u201cVolkswagen M\u00e9xico\u201d (SITIAVW) dio a conocer que la planta ubicada en Cuautlancingo se mantendr\u00e1 cerrada del lunes 19 al viernes 23 de septiembre.<\/p>\n\n\n\n<p>Con este anuncio, se dejar\u00e1n de producir durante cinco d\u00edas los tres modelos hechos en territorio poblano, los cuales son Jetta, Taos y Tiguan. Esto generar\u00e1 p\u00e9rdidas econ\u00f3micas para la compa\u00f1\u00eda de origen alem\u00e1n.<br>Para el freno de actividades, el sindicato indic\u00f3 que el paro de producci\u00f3n se tomar\u00e1 a cuenta de vacaciones para los trabajadores con saldo disponible, y as\u00ed no registrar un descuento en su salario.<\/p>\n\n\n\n<p>De manera contraria, aquellos colaboradores que no tengan saldo para vacaciones recibir\u00e1n un ingreso semanal del 70 por ciento sin afectaciones al sexto y s\u00e9ptimo d\u00eda.<\/p>\n\n\n\n<p>Asimismo, se detall\u00f3 que se respetar\u00e1 el rol de turnos, aunque el personal que sea convocado para trabajar deber\u00e1 asistir de manera normal, ya que es considerado un d\u00eda ordinario de actividades.<\/p>\n\n\n\n<p>Negociaci\u00f3n en Volkswagen deja lecciones para pr\u00f3ximos acuerdos salariales: empresarios<br>Para los arranques de producci\u00f3n se programar\u00e1 al personal que se requiera en cada una de las \u00e1reas para garantizar la disponibilidad de materiales y el funcionamiento de los equipos.<\/p>\n\n\n\n<p>Tras esta situaci\u00f3n, el sindicato pidi\u00f3 la comprensi\u00f3n de toda la plantilla laboral por las posibles afectaciones que esto les podr\u00eda causar, ya que asegur\u00f3 se trata de circunstancias ajenas a la empresa.<\/p>\n","protected":false},"excerpt":{"rendered":"<p>La empresa Volkswagen M\u00e9xico asentada en el estado de Puebla, detendr\u00e1 la siguiente semana toda su producci\u00f3n de autom\u00f3viles debido a la falta de disponibilidad de materiales. A trav\u00e9s de un comunicado interno, el Sindicato Independiente de Trabajadores de la Industria Automotriz, Similares y Conexos \u201cVolkswagen M\u00e9xico\u201d (SITIAVW) dio a conocer que la planta ubicada [&hellip;]<\/p>\n","protected":false},"author":4,"featured_media":13552,"comment_status":"open","ping_status":"open","sticky":false,"template":"","format":"standard","meta":{"om_disable_all_campaigns":false,"_monsterinsights_skip_tracking":false,"_monsterinsights_sitenote_active":false,"_monsterinsights_sitenote_note":"","_monsterinsights_sitenote_category":0,"footnotes":""},"categories":[175],"tags":[29,195,223],"class_list":["post-13551","post","type-post","status-publish","format-standard","has-post-thumbnail","hentry","category-local","tag-business","tag-principal","tag-puebla"],"amp_enabled":true,"_links":{"self":[{"href":"https:\/\/lahora.mx\/index.php\/wp-json\/wp\/v2\/posts\/13551","targetHints":{"allow":["GET"]}}],"collection":[{"href":"https:\/\/lahora.mx\/index.php\/wp-json\/wp\/v2\/posts"}],"about":[{"href":"https:\/\/lahora.mx\/index.php\/wp-json\/wp\/v2\/types\/post"}],"author":[{"embeddable":true,"href":"https:\/\/lahora.mx\/index.php\/wp-json\/wp\/v2\/users\/4"}],"replies":[{"embeddable":true,"href":"https:\/\/lahora.mx\/index.php\/wp-json\/wp\/v2\/comments?post=13551"}],"version-history":[{"count":1,"href":"https:\/\/lahora.mx\/index.php\/wp-json\/wp\/v2\/posts\/13551\/revisions"}],"predecessor-version":[{"id":13553,"href":"https:\/\/lahora.mx\/index.php\/wp-json\/wp\/v2\/posts\/13551\/revisions\/13553"}],"wp:featuredmedia":[{"embeddable":true,"href":"https:\/\/lahora.mx\/index.php\/wp-json\/wp\/v2\/media\/13552"}],"wp:attachment":[{"href":"https:\/\/lahora.mx\/index.php\/wp-json\/wp\/v2\/media?parent=13551"}],"wp:term":[{"taxonomy":"category","embeddable":true,"href":"https:\/\/lahora.mx\/index.php\/wp-json\/wp\/v2\/categories?post=13551"},{"taxonomy":"post_tag","embeddable":true,"href":"https:\/\/lahora.mx\/index.php\/wp-json\/wp\/v2\/tags?post=13551"}],"curies":[{"name":"wp","href":"https:\/\/api.w.org\/{rel}","templated":true}]}}