{"id":13533,"date":"2022-09-14T16:38:34","date_gmt":"2022-09-14T16:38:34","guid":{"rendered":"http:\/\/lahora.mx\/?p=13533"},"modified":"2022-09-14T16:50:22","modified_gmt":"2022-09-14T16:50:22","slug":"la-traicionan-los-nervios-en-tribuna-a-diputada-poblana","status":"publish","type":"post","link":"https:\/\/lahora.mx\/index.php\/2022\/09\/14\/la-traicionan-los-nervios-en-tribuna-a-diputada-poblana\/","title":{"rendered":"La traicionan los nervios en tribuna a diputada Poblana"},"content":{"rendered":"\n<p>rvenci\u00f3n en tribuna a un a\u00f1o de haber tomado posesi\u00f3n como diputada federal de Morena por la cabecera de Ciudad Serd\u00e1n, Odette Nayeri Almaz\u00e1n Mu\u00f1oz, hizo gala de un desmedido nerviosismo y su inexperiencia en el \u00e1mbito legislativo al presentar la iniciativa para reformar la Ley Federal para Prevenir y Eliminar la Discriminaci\u00f3n.<\/p>\n\n\n\n<p>Durante su intervenci\u00f3n la legisladora poblana fue poco clara al emitir su discurso y exponer los motivos de su iniciativa. Ley\u00f3 de corrido su mensaje como si se tratara de una exposici\u00f3n que acostumbran presentar estudiantes.<br><\/p>\n\n\n\n<p>De los cinco minutos que tienen los diputados para presentar sus proyectos legislativos, la parlamentaria por el octavo distrito, solo emple\u00f3 dos minutos con 45 minutos en tribuna para defender su iniciativa que se turn\u00f3 a las Comisiones de Derechos Humanos para dictamen.<\/p>\n\n\n\n<p>La secretaria de la Comisi\u00f3n de Diversidad e integrante de las Comisiones de Deporte y Juventud, se\u00f1al\u00f3 que la discriminaci\u00f3n es toda distinci\u00f3n, exclusi\u00f3n o restricci\u00f3n que, por acci\u00f3n u omisi\u00f3n tenga por objeto o resultado obstaculizar, restringir, menoscabar el reconocimiento o goce de los derechos humanos y libertades.<\/p>\n\n\n\n<p>La legisladora por Morena, refiri\u00f3 que los tratados m\u00e1s importantes en materia de derechos humanos de los que nuestro pa\u00eds es parte se basan en la premisa de que todas las personas nacen libres e iguales y son sujetos de derechos.<br>Sin embargo, en la realidad, acus\u00f3, esto en muchas ocasiones no sucede, basta con ver los resultados de la Encuesta Nacional sobre Discriminaci\u00f3n, donde se menciona que el 20.2 por ciento de la poblaci\u00f3n de 18 a\u00f1os y m\u00e1s, declar\u00f3 haber sido discriminada.<\/p>\n\n\n\n<p>Denunci\u00f3 que esta situaci\u00f3n se complica cuando una persona puede ser discriminada por diversas caracter\u00edsticas, sufriendo discriminaci\u00f3n m\u00faltiple.<\/p>\n\n\n\n<p>\u201cLa discriminaci\u00f3n m\u00faltiple la define el INEGI como cualquier trato desigual hacia una persona con dos o m\u00e1s caracter\u00edsticas personales, g\u00e9nero, edad, discapacidad, nacionalidad, etnicidad, entre otros, significando una restricci\u00f3n a sus derechos y libertades\u201d.<\/p>\n\n\n\n<p>Almaz\u00e1n Mu\u00f1oz, exigi\u00f3 que es necesario no abordar la discriminaci\u00f3n desde una perspectiva de un \u00fanico motivo, ya que al hacerlo se pierde de vista las distintas manifestaciones de la discriminaci\u00f3n, dificultando e invisibilizando a las personas que sufren distintas discriminaciones en un solo o diversos actos.<\/p>\n\n\n\n<p>\u201cHacer visible los tipos y formas de discriminaci\u00f3n permitir\u00e1 que el Estado tengan una mejor respuesta para atenderla, combatirla y eliminarla\u201d, asegur\u00f3.<\/p>\n\n\n\n<p>La iniciativa que present\u00f3 es para reformar la fracci\u00f3n III del art\u00edculo 1o. y las fracciones XXVIII y XXXVI del art\u00edculo 20 de la Ley Federal para Prevenir y Eliminar la Discriminaci\u00f3n, con el prop\u00f3sito de agregar la definici\u00f3n de discriminaci\u00f3n m\u00faltiple.<\/p>\n","protected":false},"excerpt":{"rendered":"<p>rvenci\u00f3n en tribuna a un a\u00f1o de haber tomado posesi\u00f3n como diputada federal de Morena por la cabecera de Ciudad Serd\u00e1n, Odette Nayeri Almaz\u00e1n Mu\u00f1oz, hizo gala de un desmedido nerviosismo y su inexperiencia en el \u00e1mbito legislativo al presentar la iniciativa para reformar la Ley Federal para Prevenir y Eliminar la Discriminaci\u00f3n. Durante su [&hellip;]<\/p>\n","protected":false},"author":4,"featured_media":13534,"comment_status":"open","ping_status":"open","sticky":false,"template":"","format":"standard","meta":{"om_disable_all_campaigns":false,"_monsterinsights_skip_tracking":false,"_monsterinsights_sitenote_active":false,"_monsterinsights_sitenote_note":"","_monsterinsights_sitenote_category":0,"footnotes":""},"categories":[175],"tags":[],"class_list":["post-13533","post","type-post","status-publish","format-standard","has-post-thumbnail","hentry","category-local"],"amp_enabled":true,"_links":{"self":[{"href":"https:\/\/lahora.mx\/index.php\/wp-json\/wp\/v2\/posts\/13533","targetHints":{"allow":["GET"]}}],"collection":[{"href":"https:\/\/lahora.mx\/index.php\/wp-json\/wp\/v2\/posts"}],"about":[{"href":"https:\/\/lahora.mx\/index.php\/wp-json\/wp\/v2\/types\/post"}],"author":[{"embeddable":true,"href":"https:\/\/lahora.mx\/index.php\/wp-json\/wp\/v2\/users\/4"}],"replies":[{"embeddable":true,"href":"https:\/\/lahora.mx\/index.php\/wp-json\/wp\/v2\/comments?post=13533"}],"version-history":[{"count":1,"href":"https:\/\/lahora.mx\/index.php\/wp-json\/wp\/v2\/posts\/13533\/revisions"}],"predecessor-version":[{"id":13535,"href":"https:\/\/lahora.mx\/index.php\/wp-json\/wp\/v2\/posts\/13533\/revisions\/13535"}],"wp:featuredmedia":[{"embeddable":true,"href":"https:\/\/lahora.mx\/index.php\/wp-json\/wp\/v2\/media\/13534"}],"wp:attachment":[{"href":"https:\/\/lahora.mx\/index.php\/wp-json\/wp\/v2\/media?parent=13533"}],"wp:term":[{"taxonomy":"category","embeddable":true,"href":"https:\/\/lahora.mx\/index.php\/wp-json\/wp\/v2\/categories?post=13533"},{"taxonomy":"post_tag","embeddable":true,"href":"https:\/\/lahora.mx\/index.php\/wp-json\/wp\/v2\/tags?post=13533"}],"curies":[{"name":"wp","href":"https:\/\/api.w.org\/{rel}","templated":true}]}}