{"id":13524,"date":"2022-09-14T15:25:17","date_gmt":"2022-09-14T15:25:17","guid":{"rendered":"http:\/\/lahora.mx\/?p=13524"},"modified":"2022-09-14T15:25:19","modified_gmt":"2022-09-14T15:25:19","slug":"amlo-habla-sobre-la-ruptura-de-va-por-mexico-menciona-que-hay-planes-distintos-entre-partidos","status":"publish","type":"post","link":"https:\/\/lahora.mx\/index.php\/2022\/09\/14\/amlo-habla-sobre-la-ruptura-de-va-por-mexico-menciona-que-hay-planes-distintos-entre-partidos\/","title":{"rendered":"AMLO Habla sobre la ruptura de \u2018Va por M\u00e9xico\u2019: menciona que hay planes distintos entre partidos"},"content":{"rendered":"\n<p>En la antesala de la discusi\u00f3n que se llevar\u00e1 a cabo este mi\u00e9rcoles en la C\u00e1mara de Diputados para extender las labores de las fuerzas armadas en tareas de seguridad p\u00fablica, el presidente Andr\u00e9s Manuel L\u00f3pez Obrador aprovech\u00f3 para promover la alianza entre Morena y el PRI.<\/p>\n\n\n\n<p>Al ser cuestionado sobre las cr\u00edticas al PRIMOR por parte del resto de partidos de oposici\u00f3n, el mandatario asegur\u00f3 que al menos el PAN tiene un proyecto distinto.<\/p>\n\n\n\n<p>\u201cSon proyectos distintos, con todo respeto la doctrina del PAN de estos tiempos es la hipocres\u00eda\u201d, dijo.<\/p>\n\n\n\n<p>\u201cEsa hipocres\u00eda es la que no debemos de aceptar inclusive podemos no estar de acuerdo, es hasta sano que haya pluralidad que se garantice el derecho a disentir, que haya oposici\u00f3n que haya cr\u00edtica pero en cuestiones que tiene que ver la vida de las personas debemos hacer a un lado la politiquer\u00eda\u201d, subray\u00f3 en referencia a la presencia del Ej\u00e9rcito en tareas de seguridad.<\/p>\n\n\n\n<p>AMLO felicita a legisladores por promover permanencia del Ej\u00e9rcito<br>L\u00f3pez Obrador felicit\u00f3 a los legisladores por impulsar la reforma del PRI que busca ampliar la presencia de soldados y marinos en labores de seguridad p\u00fablica.<\/p>\n\n\n\n<p>\u201cEst\u00e1n actuando la mayor\u00eda de los legisladores de forma responsable, los felicito aunque no le guste a nuestros adversarios conservadores corruptos pero es actuar de manera responsable porque se trata de garantizar la paz, la tranquilidad en el pa\u00eds\u201d, coment\u00f3.<\/p>\n\n\n\n<p>Esto luego de que la Comisi\u00f3n de Puntos Constitucionales de la C\u00e1mara de Diputados aprobara este martes la propuesta con una modificaci\u00f3n que consiste en extender hasta 10 a\u00f1os el periodo de despliegue de las fuerzas armadas y no ocho como se hab\u00eda planteado en un principio. Con esto el presidente podr\u00eda hacer uso del Ej\u00e9rcito y Marina hasta 2029.<\/p>\n\n\n\n<p>Se espera que el dictamen pase al pleno este mi\u00e9rcoles para su discusi\u00f3n y votaci\u00f3n, mientras tanto, L\u00f3pez Obrador se ha encargado de defender la propuesta.<\/p>\n\n\n\n<p>\u201cNecesitamos m\u00e1s tiempo para consolidar la Guardia Nacional y necesitamos que dependa de la Secretar\u00eda de la Defensa para que no vuelva a suceder que gentes como Garc\u00eda Luna\u201d.<\/p>\n\n\n\n<p>\u201cLo que queremos es profesionalizar, institucionalizar, moralizar la Guardia Nacional que va a ser la instituci\u00f3n mas importante para garantizar la seguridad publica\u201d, finaliz\u00f3.<\/p>\n","protected":false},"excerpt":{"rendered":"<p>En la antesala de la discusi\u00f3n que se llevar\u00e1 a cabo este mi\u00e9rcoles en la C\u00e1mara de Diputados para extender las labores de las fuerzas armadas en tareas de seguridad p\u00fablica, el presidente Andr\u00e9s Manuel L\u00f3pez Obrador aprovech\u00f3 para promover la alianza entre Morena y el PRI. Al ser cuestionado sobre las cr\u00edticas al PRIMOR [&hellip;]<\/p>\n","protected":false},"author":4,"featured_media":13525,"comment_status":"open","ping_status":"open","sticky":false,"template":"","format":"standard","meta":{"om_disable_all_campaigns":false,"_monsterinsights_skip_tracking":false,"_monsterinsights_sitenote_active":false,"_monsterinsights_sitenote_note":"","_monsterinsights_sitenote_category":0,"footnotes":""},"categories":[176],"tags":[195],"class_list":["post-13524","post","type-post","status-publish","format-standard","has-post-thumbnail","hentry","category-nacional","tag-principal"],"amp_enabled":true,"_links":{"self":[{"href":"https:\/\/lahora.mx\/index.php\/wp-json\/wp\/v2\/posts\/13524","targetHints":{"allow":["GET"]}}],"collection":[{"href":"https:\/\/lahora.mx\/index.php\/wp-json\/wp\/v2\/posts"}],"about":[{"href":"https:\/\/lahora.mx\/index.php\/wp-json\/wp\/v2\/types\/post"}],"author":[{"embeddable":true,"href":"https:\/\/lahora.mx\/index.php\/wp-json\/wp\/v2\/users\/4"}],"replies":[{"embeddable":true,"href":"https:\/\/lahora.mx\/index.php\/wp-json\/wp\/v2\/comments?post=13524"}],"version-history":[{"count":1,"href":"https:\/\/lahora.mx\/index.php\/wp-json\/wp\/v2\/posts\/13524\/revisions"}],"predecessor-version":[{"id":13526,"href":"https:\/\/lahora.mx\/index.php\/wp-json\/wp\/v2\/posts\/13524\/revisions\/13526"}],"wp:featuredmedia":[{"embeddable":true,"href":"https:\/\/lahora.mx\/index.php\/wp-json\/wp\/v2\/media\/13525"}],"wp:attachment":[{"href":"https:\/\/lahora.mx\/index.php\/wp-json\/wp\/v2\/media?parent=13524"}],"wp:term":[{"taxonomy":"category","embeddable":true,"href":"https:\/\/lahora.mx\/index.php\/wp-json\/wp\/v2\/categories?post=13524"},{"taxonomy":"post_tag","embeddable":true,"href":"https:\/\/lahora.mx\/index.php\/wp-json\/wp\/v2\/tags?post=13524"}],"curies":[{"name":"wp","href":"https:\/\/api.w.org\/{rel}","templated":true}]}}