{"id":13520,"date":"2022-09-14T03:23:36","date_gmt":"2022-09-14T03:23:36","guid":{"rendered":"http:\/\/lahora.mx\/?p=13520"},"modified":"2022-09-14T03:23:37","modified_gmt":"2022-09-14T03:23:37","slug":"no-hay-rechazo-del-pri-con-morena-en-puebla-para-alianza-en-2024","status":"publish","type":"post","link":"https:\/\/lahora.mx\/index.php\/2022\/09\/14\/no-hay-rechazo-del-pri-con-morena-en-puebla-para-alianza-en-2024\/","title":{"rendered":"No hay rechazo del PRI con Morena en Puebla para alianza en 2024"},"content":{"rendered":"\n<p>El coordinador de la bancada del PRI en el Congreso de Puebla, Jorge Estefan Chidiac, no rechaz\u00f3 una eventual alianza con Morena, pero pidi\u00f3 esperar las decisiones que tomen las dirigencias nacionales del PAN, PRI y PRD, luego de que suspendieron temporalmente la alianza legislativa y electoral \u201cVa por M\u00e9xico\u201d.<\/p>\n\n\n\n<p>\u201cSi se hiciera una ruptura con el PAN y se pusiera la opci\u00f3n, ya sea con MC, con un partido local como PSI o Morena, habr\u00eda que valorar para qu\u00e9 y por qu\u00e9, y si conviene a Puebla y al pa\u00eds se valorar\u00eda, pero no me ha pasado por la mente\u201d, declar\u00f3 en entrevista.<\/p>\n\n\n\n<p>Esto luego de que la presidenta del Consejo Nacional de Morena, Bertha Luj\u00e1n Uranga, abri\u00f3 la posibilidad de una alianza electoral con el PRI, tras apoyarse en la C\u00e1mara de Diputados con la reforma a la Guardia Nacional, pues dijo que ese partido est\u00e1 en decadencia y ahora busca la forma de hacer acuerdos con Morena para sobrevivir.<\/p>\n\n\n\n<p>A nivel local, Estefan Chidiac manifest\u00f3 que en pol\u00edtica nunca descarta nada, sin embargo, aclar\u00f3 que la alianza Morena-PRI no est\u00e1 en la agenda.<br>A la vez critic\u00f3 que los dirigentes nacionales del PAN y PRD, Marko Cort\u00e9s Mendoza y Jes\u00fas Zambrano Grijalva, se equivocan al poner como un asunto de \u201cpatria o muerte\u201d el tema de la Guardia Nacional.<\/p>\n\n\n\n<p>Incluso anticip\u00f3 que votar\u00e1 a favor si es aprobada y llega al Congreso de Puebla la reforma constitucional para que las Fuerzas Armadas puedan participar en la Guardia Nacional hasta 2029, propuesta este martes por la legisladora priista Yolanda de la Torre Valdez.<\/p>\n\n\n\n<p>Se burla de Movimiento Ciudadano<\/p>\n\n\n\n<p>El coordinador de la bancada priista se burl\u00f3 de la reciente encuesta presentada por Massive Caller, en la que Movimiento Ciudadano (MC) sali\u00f3 con mejor preferencia electoral que el tricolor rumbo a la elecci\u00f3n de 2024.<\/p>\n\n\n\n<p>Estefan Chidiac llam\u00f3 a la encuestadora \u201cpanista\u201d y denunci\u00f3 que se vende al \u201cmejor postor\u201d, pues acus\u00f3 una estrategia que busca demeritar al PRI, pero consider\u00f3 rid\u00edculo que MC est\u00e9 por encima de su partido.<\/p>\n\n\n\n<p>\u201cYa veo c\u00f3mo est\u00e1n las estrategias de demeritar al PRI. No s\u00e9 qui\u00e9n haya encargado esa encuesta o qui\u00e9n la haya pagado, pero resulta rid\u00edculo que ahora Movimiento Ciudadano est\u00e9 por arriba del PRI; ay s\u00ed Chucha, y tus calzonsotes\u201d, expres\u00f3.<\/p>\n","protected":false},"excerpt":{"rendered":"<p>El coordinador de la bancada del PRI en el Congreso de Puebla, Jorge Estefan Chidiac, no rechaz\u00f3 una eventual alianza con Morena, pero pidi\u00f3 esperar las decisiones que tomen las dirigencias nacionales del PAN, PRI y PRD, luego de que suspendieron temporalmente la alianza legislativa y electoral \u201cVa por M\u00e9xico\u201d. \u201cSi se hiciera una ruptura [&hellip;]<\/p>\n","protected":false},"author":4,"featured_media":13521,"comment_status":"open","ping_status":"open","sticky":false,"template":"","format":"standard","meta":{"om_disable_all_campaigns":false,"_monsterinsights_skip_tracking":false,"_monsterinsights_sitenote_active":false,"_monsterinsights_sitenote_note":"","_monsterinsights_sitenote_category":0,"footnotes":""},"categories":[175,5],"tags":[223],"class_list":["post-13520","post","type-post","status-publish","format-standard","has-post-thumbnail","hentry","category-local","category-politica","tag-puebla"],"amp_enabled":true,"_links":{"self":[{"href":"https:\/\/lahora.mx\/index.php\/wp-json\/wp\/v2\/posts\/13520","targetHints":{"allow":["GET"]}}],"collection":[{"href":"https:\/\/lahora.mx\/index.php\/wp-json\/wp\/v2\/posts"}],"about":[{"href":"https:\/\/lahora.mx\/index.php\/wp-json\/wp\/v2\/types\/post"}],"author":[{"embeddable":true,"href":"https:\/\/lahora.mx\/index.php\/wp-json\/wp\/v2\/users\/4"}],"replies":[{"embeddable":true,"href":"https:\/\/lahora.mx\/index.php\/wp-json\/wp\/v2\/comments?post=13520"}],"version-history":[{"count":1,"href":"https:\/\/lahora.mx\/index.php\/wp-json\/wp\/v2\/posts\/13520\/revisions"}],"predecessor-version":[{"id":13522,"href":"https:\/\/lahora.mx\/index.php\/wp-json\/wp\/v2\/posts\/13520\/revisions\/13522"}],"wp:featuredmedia":[{"embeddable":true,"href":"https:\/\/lahora.mx\/index.php\/wp-json\/wp\/v2\/media\/13521"}],"wp:attachment":[{"href":"https:\/\/lahora.mx\/index.php\/wp-json\/wp\/v2\/media?parent=13520"}],"wp:term":[{"taxonomy":"category","embeddable":true,"href":"https:\/\/lahora.mx\/index.php\/wp-json\/wp\/v2\/categories?post=13520"},{"taxonomy":"post_tag","embeddable":true,"href":"https:\/\/lahora.mx\/index.php\/wp-json\/wp\/v2\/tags?post=13520"}],"curies":[{"name":"wp","href":"https:\/\/api.w.org\/{rel}","templated":true}]}}