{"id":13514,"date":"2022-09-14T02:53:22","date_gmt":"2022-09-14T02:53:22","guid":{"rendered":"http:\/\/lahora.mx\/?p=13514"},"modified":"2022-09-14T02:53:23","modified_gmt":"2022-09-14T02:53:23","slug":"por-fiestas-patrias-en-puebla-cerraran-estas-calles-del-centro","status":"publish","type":"post","link":"https:\/\/lahora.mx\/index.php\/2022\/09\/14\/por-fiestas-patrias-en-puebla-cerraran-estas-calles-del-centro\/","title":{"rendered":"Por fiestas patrias en Puebla cerrar\u00e1n estas calles del centro"},"content":{"rendered":"\n<p>Por las fiestas patrias en Puebla, el ayuntamiento anunci\u00f3 que este 15 de septiembre habr\u00e1 cierres viales en el Centro Hist\u00f3rico de la ciudad.<\/p>\n\n\n\n<p>En redes sociales se comparti\u00f3 el mapa con los cierres que habr\u00e1 con motivo de El Grito de Independencia, los conciertos y la instalaci\u00f3n del corredor gastron\u00f3mico.<br>\u00b7 Avenida 16 de septiembre, de la 19 a la 5 Oriente<\/p>\n\n\n\n<p>\u00b7 Avenida Reforma<\/p>\n\n\n\n<p>\u00b7 5 Poniente<\/p>\n\n\n\n<p>\u00b7 2 Norte y 2 Oriente<\/p>\n\n\n\n<p>\u00b7 Reforma y 3 Norte<\/p>\n\n\n\n<p>\u00b7 5 Poniente y 3 Sur<\/p>\n\n\n\n<p>Como v\u00edas alternas el ayuntamiento sugiri\u00f3:<\/p>\n\n\n\n<p>\u00b7 Bulevar 5 de Mayo<\/p>\n\n\n\n<p>\u00b7 Diagonal Defensores de la Rep\u00fablica<\/p>\n\n\n\n<p>\u00b7 11 y 9 Norte-Sur<\/p>\n\n\n\n<p>\u00b7 24 Norte-Sur<\/p>\n\n\n\n<p>\u00b7 2 y 4 Oriente<\/p>\n\n\n\n<p>\u00b7 25 Oriente-Poniente<\/p>\n\n\n\n<p>\u00b7 31 Oriente-Poniente<\/p>\n","protected":false},"excerpt":{"rendered":"<p>Por las fiestas patrias en Puebla, el ayuntamiento anunci\u00f3 que este 15 de septiembre habr\u00e1 cierres viales en el Centro Hist\u00f3rico de la ciudad. En redes sociales se comparti\u00f3 el mapa con los cierres que habr\u00e1 con motivo de El Grito de Independencia, los conciertos y la instalaci\u00f3n del corredor gastron\u00f3mico.\u00b7 Avenida 16 de septiembre, [&hellip;]<\/p>\n","protected":false},"author":4,"featured_media":13515,"comment_status":"open","ping_status":"open","sticky":false,"template":"","format":"standard","meta":{"om_disable_all_campaigns":false,"_monsterinsights_skip_tracking":false,"_monsterinsights_sitenote_active":false,"_monsterinsights_sitenote_note":"","_monsterinsights_sitenote_category":0,"footnotes":""},"categories":[175],"tags":[223],"class_list":["post-13514","post","type-post","status-publish","format-standard","has-post-thumbnail","hentry","category-local","tag-puebla"],"amp_enabled":true,"_links":{"self":[{"href":"https:\/\/lahora.mx\/index.php\/wp-json\/wp\/v2\/posts\/13514","targetHints":{"allow":["GET"]}}],"collection":[{"href":"https:\/\/lahora.mx\/index.php\/wp-json\/wp\/v2\/posts"}],"about":[{"href":"https:\/\/lahora.mx\/index.php\/wp-json\/wp\/v2\/types\/post"}],"author":[{"embeddable":true,"href":"https:\/\/lahora.mx\/index.php\/wp-json\/wp\/v2\/users\/4"}],"replies":[{"embeddable":true,"href":"https:\/\/lahora.mx\/index.php\/wp-json\/wp\/v2\/comments?post=13514"}],"version-history":[{"count":1,"href":"https:\/\/lahora.mx\/index.php\/wp-json\/wp\/v2\/posts\/13514\/revisions"}],"predecessor-version":[{"id":13516,"href":"https:\/\/lahora.mx\/index.php\/wp-json\/wp\/v2\/posts\/13514\/revisions\/13516"}],"wp:featuredmedia":[{"embeddable":true,"href":"https:\/\/lahora.mx\/index.php\/wp-json\/wp\/v2\/media\/13515"}],"wp:attachment":[{"href":"https:\/\/lahora.mx\/index.php\/wp-json\/wp\/v2\/media?parent=13514"}],"wp:term":[{"taxonomy":"category","embeddable":true,"href":"https:\/\/lahora.mx\/index.php\/wp-json\/wp\/v2\/categories?post=13514"},{"taxonomy":"post_tag","embeddable":true,"href":"https:\/\/lahora.mx\/index.php\/wp-json\/wp\/v2\/tags?post=13514"}],"curies":[{"name":"wp","href":"https:\/\/api.w.org\/{rel}","templated":true}]}}