{"id":13500,"date":"2022-09-14T02:14:58","date_gmt":"2022-09-14T02:14:58","guid":{"rendered":"http:\/\/lahora.mx\/?p=13500"},"modified":"2022-09-14T02:14:59","modified_gmt":"2022-09-14T02:14:59","slug":"aprueba-lxi-legislatura-cambios-en-la-integracion-de-6-comisiones-y-un-comite","status":"publish","type":"post","link":"https:\/\/lahora.mx\/index.php\/2022\/09\/14\/aprueba-lxi-legislatura-cambios-en-la-integracion-de-6-comisiones-y-un-comite\/","title":{"rendered":"Aprueba LXI Legislatura cambios en la integraci\u00f3n de 6 comisiones y un comit\u00e9"},"content":{"rendered":"\n<p>En Sesi\u00f3n Extraordinaria de la LXI Legislatura del Congreso del Estado, el Pleno aprob\u00f3 por unanimidad, la integraci\u00f3n de la diputada Joselyn Olivares L\u00f3pez como presidenta de la Comisi\u00f3n de Control, Vigilancia y Evaluaci\u00f3n de la Auditor\u00eda Superior del Estado y como vocal de seis comisiones y un Comit\u00e9.<\/p>\n\n\n\n<p>Por unanimidad las y los diputados aprobaron que la legisladora se integre como vocal a las comisiones de Gobernaci\u00f3n y Puntos Constitucionales; Comisi\u00f3n de Pueblos, Comunidades Ind\u00edgenas y Afromexicanas; Comisi\u00f3n de Atenci\u00f3n a Personas con Discapacidad; Comisi\u00f3n Instructora y de la Comisi\u00f3n de Grupos Vulnerables, as\u00ed como del Comit\u00e9 de Diario de Debates, Cr\u00f3nica Legislativa y Asuntos Editoriales.<\/p>\n\n\n\n<p>En otro Punto del Orden del d\u00eda, la diputada Aurora Sierra Rodr\u00edguez present\u00f3 su informe de labores como presidenta de la Segunda Mesa Directiva del Primer A\u00f1o de Ejercicio, del 16 de marzo del 2021 al 14 de septiembre del 2022, donde destac\u00f3 el desarrollo de consensos, as\u00ed como disposici\u00f3n para la aprobaci\u00f3n de leyes y reformas, pues se\u00f1al\u00f3 que este espacio es de sensibilidad pol\u00edtica.<\/p>\n\n\n\n<figure class=\"wp-block-image size-full\"><img fetchpriority=\"high\" decoding=\"async\" width=\"509\" height=\"383\" src=\"https:\/\/lahora.mx\/wp-content\/uploads\/2022\/09\/Captura-de-pantalla-2022-09-13-a-las-21.46.08.png\" alt=\"\" class=\"wp-image-13501\" srcset=\"https:\/\/lahora.mx\/wp-content\/uploads\/2022\/09\/Captura-de-pantalla-2022-09-13-a-las-21.46.08.png 509w, https:\/\/lahora.mx\/wp-content\/uploads\/2022\/09\/Captura-de-pantalla-2022-09-13-a-las-21.46.08-300x226.png 300w\" sizes=\"(max-width: 509px) 100vw, 509px\" \/><\/figure>\n\n\n\n<p>En este sentido, expuso que entre las reformas y aprobaciones que se realizaron durante este periodo se posicion\u00f3 a Puebla como pionera a nivel nacional en el reconocimiento de la violencia vicaria para castigarla y prevenirla; adem\u00e1s de modificaciones al C\u00f3digo Penal y a la Ley de Notariado.<\/p>\n\n\n\n<p>Se\u00f1al\u00f3 que la Legislatura estuvo comprometida con la ciudadanizaci\u00f3n del Congreso del Estado y las causas m\u00e1s nobles, con lo que se enriqueci\u00f3 el debate y donde hubo contrapesos.<\/p>\n","protected":false},"excerpt":{"rendered":"<p>En Sesi\u00f3n Extraordinaria de la LXI Legislatura del Congreso del Estado, el Pleno aprob\u00f3 por unanimidad, la integraci\u00f3n de la diputada Joselyn Olivares L\u00f3pez como presidenta de la Comisi\u00f3n de Control, Vigilancia y Evaluaci\u00f3n de la Auditor\u00eda Superior del Estado y como vocal de seis comisiones y un Comit\u00e9. Por unanimidad las y los diputados [&hellip;]<\/p>\n","protected":false},"author":4,"featured_media":13502,"comment_status":"open","ping_status":"open","sticky":false,"template":"","format":"standard","meta":{"om_disable_all_campaigns":false,"_monsterinsights_skip_tracking":false,"_monsterinsights_sitenote_active":false,"_monsterinsights_sitenote_note":"","_monsterinsights_sitenote_category":0,"footnotes":""},"categories":[175],"tags":[227,223],"class_list":["post-13500","post","type-post","status-publish","format-standard","has-post-thumbnail","hentry","category-local","tag-congreso","tag-puebla"],"amp_enabled":true,"_links":{"self":[{"href":"https:\/\/lahora.mx\/index.php\/wp-json\/wp\/v2\/posts\/13500","targetHints":{"allow":["GET"]}}],"collection":[{"href":"https:\/\/lahora.mx\/index.php\/wp-json\/wp\/v2\/posts"}],"about":[{"href":"https:\/\/lahora.mx\/index.php\/wp-json\/wp\/v2\/types\/post"}],"author":[{"embeddable":true,"href":"https:\/\/lahora.mx\/index.php\/wp-json\/wp\/v2\/users\/4"}],"replies":[{"embeddable":true,"href":"https:\/\/lahora.mx\/index.php\/wp-json\/wp\/v2\/comments?post=13500"}],"version-history":[{"count":2,"href":"https:\/\/lahora.mx\/index.php\/wp-json\/wp\/v2\/posts\/13500\/revisions"}],"predecessor-version":[{"id":14357,"href":"https:\/\/lahora.mx\/index.php\/wp-json\/wp\/v2\/posts\/13500\/revisions\/14357"}],"wp:featuredmedia":[{"embeddable":true,"href":"https:\/\/lahora.mx\/index.php\/wp-json\/wp\/v2\/media\/13502"}],"wp:attachment":[{"href":"https:\/\/lahora.mx\/index.php\/wp-json\/wp\/v2\/media?parent=13500"}],"wp:term":[{"taxonomy":"category","embeddable":true,"href":"https:\/\/lahora.mx\/index.php\/wp-json\/wp\/v2\/categories?post=13500"},{"taxonomy":"post_tag","embeddable":true,"href":"https:\/\/lahora.mx\/index.php\/wp-json\/wp\/v2\/tags?post=13500"}],"curies":[{"name":"wp","href":"https:\/\/api.w.org\/{rel}","templated":true}]}}