{"id":13494,"date":"2022-09-14T00:45:05","date_gmt":"2022-09-14T00:45:05","guid":{"rendered":"http:\/\/lahora.mx\/?p=13494"},"modified":"2022-09-14T00:45:05","modified_gmt":"2022-09-14T00:45:05","slug":"es-detenido-presunto-feminicida-de-estefany","status":"publish","type":"post","link":"https:\/\/lahora.mx\/index.php\/2022\/09\/14\/es-detenido-presunto-feminicida-de-estefany\/","title":{"rendered":"Es detenido presunto feminicida de Estefany,"},"content":{"rendered":"\n<p>Christian Ricardo N., es el presunto responsable del asesinato de Estefany N., quien fue hallada sin vida al interior de un auto hotel, ubicado a las salidas del municipio de Atlixco, fue aprehendido y obtuvo vinculaci\u00f3n a proceso, as\u00ed lo inform\u00f3 la Fiscal\u00eda General del Estado (FGE).<\/p>\n\n\n\n<p>El hecho ocurri\u00f3 desde la noche del pasado mi\u00e9rcoles 7 de septiembre, cuando familiares reportaron a Estefany N., como desaparecida, despu\u00e9s que sali\u00f3 de su trabajo en una sucursal de Pirma ubicada en calle Independencia a un costado del z\u00f3calo del centro de Atlixco y ya no regres\u00f3 a casa.<\/p>\n\n\n\n<p>Al percatarse que tambi\u00e9n su tel\u00e9fono dej\u00f3 de sonar, sus familiares empezaron con su b\u00fasqueda a trav\u00e9s de redes sociales, sin embargo, la Fiscal\u00eda detall\u00f3, que ese d\u00eda, la v\u00edctima sali\u00f3 de trabajar y se encontr\u00f3 con el imputado quien la esperaba frente al z\u00f3calo a bordo de una camioneta Nissan Murano con placas de circulaci\u00f3n del Estado de M\u00e9xico.<\/p>\n\n\n\n<p>Leer m\u00e1s: Estefany fue encontrada muerta en un motel de Atlixco; horas antes la buscaban<br>Ambos se dirigieron a un auto hotel de la colonia Francisco I. Madero donde presuntamente Christian Ricardo N, agredi\u00f3 a la v\u00edctima y provoc\u00f3 que perdiera la vida por asfixia mec\u00e1nica por estrangulamiento para despu\u00e9s envolver el cuerpo y abandonarlo en una zona del estacionamiento.<br><\/p>\n\n\n\n<p>En seguimiento a la investigaci\u00f3n, la Fiscal\u00eda General del Estado de Puebla identific\u00f3 a Christian Ricardo N. de 19 a\u00f1os, presunto responsable de cometer el il\u00edcito, por lo que solicit\u00f3, obtuvo y cumpli\u00f3 la orden de aprehensi\u00f3n en su contra.<\/p>\n\n\n\n<p>En audiencia, el Agente del Ministerio P\u00fablico exhibi\u00f3 datos probatorios que permitieron obtener su vinculaci\u00f3n a proceso por feminicidio con la medida cautelar de prisi\u00f3n preventiva oficiosa.<\/p>\n","protected":false},"excerpt":{"rendered":"<p>Christian Ricardo N., es el presunto responsable del asesinato de Estefany N., quien fue hallada sin vida al interior de un auto hotel, ubicado a las salidas del municipio de Atlixco, fue aprehendido y obtuvo vinculaci\u00f3n a proceso, as\u00ed lo inform\u00f3 la Fiscal\u00eda General del Estado (FGE). El hecho ocurri\u00f3 desde la noche del pasado [&hellip;]<\/p>\n","protected":false},"author":4,"featured_media":13495,"comment_status":"open","ping_status":"open","sticky":false,"template":"","format":"standard","meta":{"om_disable_all_campaigns":false,"_monsterinsights_skip_tracking":false,"_monsterinsights_sitenote_active":false,"_monsterinsights_sitenote_note":"","_monsterinsights_sitenote_category":0,"footnotes":""},"categories":[175],"tags":[223],"class_list":["post-13494","post","type-post","status-publish","format-standard","has-post-thumbnail","hentry","category-local","tag-puebla"],"amp_enabled":true,"_links":{"self":[{"href":"https:\/\/lahora.mx\/index.php\/wp-json\/wp\/v2\/posts\/13494","targetHints":{"allow":["GET"]}}],"collection":[{"href":"https:\/\/lahora.mx\/index.php\/wp-json\/wp\/v2\/posts"}],"about":[{"href":"https:\/\/lahora.mx\/index.php\/wp-json\/wp\/v2\/types\/post"}],"author":[{"embeddable":true,"href":"https:\/\/lahora.mx\/index.php\/wp-json\/wp\/v2\/users\/4"}],"replies":[{"embeddable":true,"href":"https:\/\/lahora.mx\/index.php\/wp-json\/wp\/v2\/comments?post=13494"}],"version-history":[{"count":1,"href":"https:\/\/lahora.mx\/index.php\/wp-json\/wp\/v2\/posts\/13494\/revisions"}],"predecessor-version":[{"id":13496,"href":"https:\/\/lahora.mx\/index.php\/wp-json\/wp\/v2\/posts\/13494\/revisions\/13496"}],"wp:featuredmedia":[{"embeddable":true,"href":"https:\/\/lahora.mx\/index.php\/wp-json\/wp\/v2\/media\/13495"}],"wp:attachment":[{"href":"https:\/\/lahora.mx\/index.php\/wp-json\/wp\/v2\/media?parent=13494"}],"wp:term":[{"taxonomy":"category","embeddable":true,"href":"https:\/\/lahora.mx\/index.php\/wp-json\/wp\/v2\/categories?post=13494"},{"taxonomy":"post_tag","embeddable":true,"href":"https:\/\/lahora.mx\/index.php\/wp-json\/wp\/v2\/tags?post=13494"}],"curies":[{"name":"wp","href":"https:\/\/api.w.org\/{rel}","templated":true}]}}