{"id":13471,"date":"2022-09-13T17:06:27","date_gmt":"2022-09-13T17:06:27","guid":{"rendered":"http:\/\/lahora.mx\/?p=13471"},"modified":"2022-09-13T17:06:28","modified_gmt":"2022-09-13T17:06:28","slug":"aun-faltan-6-4-millones-de-vacunas-contra-covid-19-para-ninas-y-ninos-de-covax","status":"publish","type":"post","link":"https:\/\/lahora.mx\/index.php\/2022\/09\/13\/aun-faltan-6-4-millones-de-vacunas-contra-covid-19-para-ninas-y-ninos-de-covax\/","title":{"rendered":"A\u00fan faltan 6.4 millones de vacunas contra covid-19 para ni\u00f1as y ni\u00f1os de Covax"},"content":{"rendered":"\n<p>El mecanismo Covax a\u00fan tiene un pendiente de 6.4 millones de vacunas contra covid-19 para ni\u00f1as y ni\u00f1os, mismas que se esperan se entreguen en lo que resta de septiembre, indic\u00f3 el subsecretario de Salud, Hugo L\u00f3pez-Gatell.<\/p>\n\n\n\n<p>En conferencia en Palacio Nacional, el funcionario federal destac\u00f3 que si bien el mecanismo de la ONU ya entreg\u00f3 dos embarques con dosis contra SARS-CoV-2, a\u00fan faltan m\u00e1s.<br><\/p>\n\n\n\n<p>Lo anterior, luego de la amenaza del presidente Andr\u00e9s Manuel L\u00f3pez Obrador de presentar una demanda por incumplimiento y de que el pasado 23 de agosto se informara que Covax enviar\u00eda 10 millones de vacunas contra covid-19 para ni\u00f1as y ni\u00f1os.<\/p>\n\n\n\n<p>As\u00ed, las dosis incluso han llegado una semana antes de lo previsto.<\/p>\n\n\n\n<p>El primer lote fue de 2 millones 371 mil 200 vacunas y el segundo de 1 mill\u00f3n 200 mil, destac\u00f3 L\u00f3pez-Gatell.<\/p>\n\n\n\n<p>Ahora se espera que entre el 19 y el 23 de septiembre arriben 3 millones 28 mil 800 dosis, y entre el 26 y el 30 de septiembre, 3 millones 403 mil 200. Todas las vacunas son de la farmac\u00e9utica Pfizer\/BioNTech.<\/p>\n\n\n\n<p>De esta manera M\u00e9xico habr\u00e1 recibido 10 millones 3 mil 200 dosis para suministrar a ni\u00f1as y ni\u00f1os de entre 5 y 11 a\u00f1os de edad.<\/p>\n\n\n\n<p>Cabe mencionar que, de acuerdo con la Ssa, 47 por ciento de la poblaci\u00f3n de 5 a 11 a\u00f1os de edad ya cuenta con al menos una dosis contra covid-19.<\/p>\n\n\n\n<p>L\u00f3pez-Gatell resalt\u00f3 que M\u00e9xico ya suma nueve semanas consecutivas con casos de contagios en descenso.<br>\u201cSeguimos con buena situaci\u00f3n, en descenso progresivo de las nuevas ocurrencias de casos: 9 semanas consecutivas\u201d, dijo.<\/p>\n\n\n\n<p>Adem\u00e1s, inform\u00f3 que en lo que se refiere a decesos, \u00e9stos ya tienen siete semanas a la baja.<\/p>\n\n\n\n<p>Lo anterior, resalt\u00f3, ha constituido a la quinta ola de covid-19 como la de menos v\u00edctimas mortales.<br>\u201cEsta fue la quinta ola con menor mortalidad. La segunda fue la de mayor mortalidad, pero la tercera, cuarta y quinta fueron menores\u201d, afirm\u00f3 el subsecretario de la Ssa.<\/p>\n","protected":false},"excerpt":{"rendered":"<p>El mecanismo Covax a\u00fan tiene un pendiente de 6.4 millones de vacunas contra covid-19 para ni\u00f1as y ni\u00f1os, mismas que se esperan se entreguen en lo que resta de septiembre, indic\u00f3 el subsecretario de Salud, Hugo L\u00f3pez-Gatell. En conferencia en Palacio Nacional, el funcionario federal destac\u00f3 que si bien el mecanismo de la ONU ya [&hellip;]<\/p>\n","protected":false},"author":4,"featured_media":13472,"comment_status":"open","ping_status":"open","sticky":false,"template":"","format":"standard","meta":{"om_disable_all_campaigns":false,"_monsterinsights_skip_tracking":false,"_monsterinsights_sitenote_active":false,"_monsterinsights_sitenote_note":"","_monsterinsights_sitenote_category":0,"footnotes":""},"categories":[176],"tags":[195],"class_list":["post-13471","post","type-post","status-publish","format-standard","has-post-thumbnail","hentry","category-nacional","tag-principal"],"amp_enabled":true,"_links":{"self":[{"href":"https:\/\/lahora.mx\/index.php\/wp-json\/wp\/v2\/posts\/13471","targetHints":{"allow":["GET"]}}],"collection":[{"href":"https:\/\/lahora.mx\/index.php\/wp-json\/wp\/v2\/posts"}],"about":[{"href":"https:\/\/lahora.mx\/index.php\/wp-json\/wp\/v2\/types\/post"}],"author":[{"embeddable":true,"href":"https:\/\/lahora.mx\/index.php\/wp-json\/wp\/v2\/users\/4"}],"replies":[{"embeddable":true,"href":"https:\/\/lahora.mx\/index.php\/wp-json\/wp\/v2\/comments?post=13471"}],"version-history":[{"count":1,"href":"https:\/\/lahora.mx\/index.php\/wp-json\/wp\/v2\/posts\/13471\/revisions"}],"predecessor-version":[{"id":13473,"href":"https:\/\/lahora.mx\/index.php\/wp-json\/wp\/v2\/posts\/13471\/revisions\/13473"}],"wp:featuredmedia":[{"embeddable":true,"href":"https:\/\/lahora.mx\/index.php\/wp-json\/wp\/v2\/media\/13472"}],"wp:attachment":[{"href":"https:\/\/lahora.mx\/index.php\/wp-json\/wp\/v2\/media?parent=13471"}],"wp:term":[{"taxonomy":"category","embeddable":true,"href":"https:\/\/lahora.mx\/index.php\/wp-json\/wp\/v2\/categories?post=13471"},{"taxonomy":"post_tag","embeddable":true,"href":"https:\/\/lahora.mx\/index.php\/wp-json\/wp\/v2\/tags?post=13471"}],"curies":[{"name":"wp","href":"https:\/\/api.w.org\/{rel}","templated":true}]}}