{"id":13468,"date":"2022-09-13T16:54:28","date_gmt":"2022-09-13T16:54:28","guid":{"rendered":"http:\/\/lahora.mx\/?p=13468"},"modified":"2022-09-13T16:54:31","modified_gmt":"2022-09-13T16:54:31","slug":"sube-a-8-3-la-inflacion-en-eu-en-agosto","status":"publish","type":"post","link":"https:\/\/lahora.mx\/index.php\/2022\/09\/13\/sube-a-8-3-la-inflacion-en-eu-en-agosto\/","title":{"rendered":"Sube a 8.3% la inflaci\u00f3n en EU en agosto"},"content":{"rendered":"\n<p>La inflaci\u00f3n de Estados Unidos volvi\u00f3 a ralentizarse en agosto a 8.3% anual por los precios de la gasolina pero es m\u00e1s alta de lo esperado.<\/p>\n\n\n\n<p>El mes pasado la inflaci\u00f3n subi\u00f3 0.1% desde julio contra 0.0% entre julio y junio, seg\u00fan el \u00cdndice de Precios al Consumo (CPI) publicado este martes por el Departamento de Trabajo.<\/p>\n\n\n\n<p>Los analistas esperaban una ca\u00edda del -0.1%.<\/p>\n\n\n\n<p>Los precios suben desde hace un a\u00f1o y medio en Estados Unidos, y golpean el bolsillo de las familias.<\/p>\n\n\n\n<p>Luego de alcanzar en junio su nivel m\u00e1s alto en m\u00e1s de 40 a\u00f1os, 9.1%, la inflaci\u00f3n se moder\u00f3 en julio para ubicarse en 8.5% en 12 meses.<\/p>\n\n\n\n<p>En la medici\u00f3n mes a mes, los precios incluso permanecieron estables entre junio y julio.<\/p>\n\n\n\n<p>El presidente Joe Biden, que hizo de la inflaci\u00f3n su principal prioridad econ\u00f3mica, atraviesa dos meses cruciales antes de las elecciones de medio mandato en noviembre. La oposici\u00f3n republicana le reprocha regularmente por una pol\u00edtica de ayudas econ\u00f3micas que, considera, contribuy\u00f3 a la espiral inflacionaria.<\/p>\n\n\n\n<p>La inflaci\u00f3n es demasiado alta y es esencial reducirla\u00bb, reiter\u00f3 el domingo en CNN la secretaria del Tesoro, Janet Yellen.<\/p>\n\n\n\n<p>Yellen reconoci\u00f3 adem\u00e1s que existe \u00abun riesgo de recesi\u00f3n\u00bb, debido a las subidas de tasas decididas por la Reserva Federal para tratar de enfriar la econom\u00eda y contener las subidas de precios.<\/p>\n\n\n\n<p>La Fed ya indic\u00f3 que continuar\u00e1 con su pol\u00edtica de subida de tasas directrices, encareciendo as\u00ed el cr\u00e9dito a particulares y empresas.<\/p>\n\n\n\n<p>El banco central prefiere otro indicador de precios, el \u00edndice PCE, que en julio tambi\u00e9n se moder\u00f3 a 6.3% en 12 meses. Su objetivo es una inflaci\u00f3n de 2% anual.<\/p>\n\n\n\n<p>El mercado laboral estadunidense, clave por ser el sost\u00e9n del consumo, sigue bajo presi\u00f3n, con escasez de mano de obra.<\/p>\n\n\n\n<p>La tasas de desempleo aument\u00f3 ligeramente en agosto, a 3.7%, cerca del m\u00ednimo hist\u00f3rico de 3.5%.<\/p>\n","protected":false},"excerpt":{"rendered":"<p>La inflaci\u00f3n de Estados Unidos volvi\u00f3 a ralentizarse en agosto a 8.3% anual por los precios de la gasolina pero es m\u00e1s alta de lo esperado. El mes pasado la inflaci\u00f3n subi\u00f3 0.1% desde julio contra 0.0% entre julio y junio, seg\u00fan el \u00cdndice de Precios al Consumo (CPI) publicado este martes por el Departamento [&hellip;]<\/p>\n","protected":false},"author":4,"featured_media":13469,"comment_status":"open","ping_status":"open","sticky":false,"template":"","format":"standard","meta":{"om_disable_all_campaigns":false,"_monsterinsights_skip_tracking":false,"_monsterinsights_sitenote_active":false,"_monsterinsights_sitenote_note":"","_monsterinsights_sitenote_category":0,"footnotes":""},"categories":[183],"tags":[29],"class_list":["post-13468","post","type-post","status-publish","format-standard","has-post-thumbnail","hentry","category-internacional","tag-business"],"amp_enabled":true,"_links":{"self":[{"href":"https:\/\/lahora.mx\/index.php\/wp-json\/wp\/v2\/posts\/13468","targetHints":{"allow":["GET"]}}],"collection":[{"href":"https:\/\/lahora.mx\/index.php\/wp-json\/wp\/v2\/posts"}],"about":[{"href":"https:\/\/lahora.mx\/index.php\/wp-json\/wp\/v2\/types\/post"}],"author":[{"embeddable":true,"href":"https:\/\/lahora.mx\/index.php\/wp-json\/wp\/v2\/users\/4"}],"replies":[{"embeddable":true,"href":"https:\/\/lahora.mx\/index.php\/wp-json\/wp\/v2\/comments?post=13468"}],"version-history":[{"count":1,"href":"https:\/\/lahora.mx\/index.php\/wp-json\/wp\/v2\/posts\/13468\/revisions"}],"predecessor-version":[{"id":13470,"href":"https:\/\/lahora.mx\/index.php\/wp-json\/wp\/v2\/posts\/13468\/revisions\/13470"}],"wp:featuredmedia":[{"embeddable":true,"href":"https:\/\/lahora.mx\/index.php\/wp-json\/wp\/v2\/media\/13469"}],"wp:attachment":[{"href":"https:\/\/lahora.mx\/index.php\/wp-json\/wp\/v2\/media?parent=13468"}],"wp:term":[{"taxonomy":"category","embeddable":true,"href":"https:\/\/lahora.mx\/index.php\/wp-json\/wp\/v2\/categories?post=13468"},{"taxonomy":"post_tag","embeddable":true,"href":"https:\/\/lahora.mx\/index.php\/wp-json\/wp\/v2\/tags?post=13468"}],"curies":[{"name":"wp","href":"https:\/\/api.w.org\/{rel}","templated":true}]}}