{"id":1343,"date":"2022-01-09T22:23:18","date_gmt":"2022-01-09T22:23:18","guid":{"rendered":"http:\/\/lahora.mx\/?p=1343"},"modified":"2022-01-09T22:23:18","modified_gmt":"2022-01-09T22:23:18","slug":"liliana-ortiz-y-lilia-cedillo-visitan-instalaciones-del-centro-de-dia","status":"publish","type":"post","link":"https:\/\/lahora.mx\/index.php\/2022\/01\/09\/liliana-ortiz-y-lilia-cedillo-visitan-instalaciones-del-centro-de-dia\/","title":{"rendered":"LILIANA ORTIZ Y LILIA CEDILLO VISITAN INSTALACIONES DEL CENTRO DE D\u00cdA"},"content":{"rendered":"<p>Liliana Ortiz P\u00e9rez, Presidenta Honoraria del Sistema Municipal DIF (SMDIF), recibi\u00f3 en las instalaciones del Centro de D\u00eda a Lilia Cedillo Ram\u00edrez, rectora de la Benem\u00e9rita Universidad Aut\u00f3noma de Puebla (BUAP), en un encuentro para estrechar lazos de colaboraci\u00f3n y trabajo a favor de ni\u00f1as, ni\u00f1os, adolescentes y mujeres en condiciones de vulnerabilidad, como lo ha instruido el Presidente Municipal, Eduardo Rivera P\u00e9rez.<\/p>\n<p>En recorrido, Ortiz P\u00e9rez destac\u00f3 el valor social de los servicios que brinda la Direcci\u00f3n Jur\u00eddica del SMDIF, al acercar a la ciudadan\u00eda asesor\u00edas y tr\u00e1mites legales en materia de educaci\u00f3n, gesti\u00f3n familiar, acceso al Dormitorio Municipal, atenci\u00f3n a personas en situaci\u00f3n de calle y para la activaci\u00f3n del Protocolo Municipal de Coordinaci\u00f3n Interinstitucional para la Protecci\u00f3n de Mujeres, Ni\u00f1as, Ni\u00f1os y Adolescentes V\u00edctimas de Violencia.<\/p>\n<p>De esta forma, Cedillo Ram\u00edrez conoci\u00f3 de cerca las cinco etapas de actuaci\u00f3n que contempla el modelo de \u201cContigo Mujer Contra la Violencia\u201d, y celebr\u00f3 los esfuerzos institucionales que realiza el Ayuntamiento para apoyar a las familias poblanas que m\u00e1s lo necesitan, desde un espacio de puertas abiertas como el Centro de D\u00eda.<\/p>\n<p>Para la administraci\u00f3n de Eduardo Rivera P\u00e9rez la suma de esfuerzos es prioridad para alcanzar los objetivos junto con la ciudadan\u00eda, por ello, la visita realizada por la rectora de la m\u00e1xima casa de estudios de Puebla representa un camino de oportunidades en beneficio de las y los poblanos.<\/p>\n","protected":false},"excerpt":{"rendered":"<p>Liliana Ortiz P\u00e9rez, Presidenta Honoraria del Sistema Municipal DIF (SMDIF), recibi\u00f3 en las instalaciones del Centro de D\u00eda a Lilia Cedillo Ram\u00edrez, rectora de la Benem\u00e9rita Universidad Aut\u00f3noma de Puebla (BUAP), en un encuentro para estrechar lazos de colaboraci\u00f3n y trabajo a favor de ni\u00f1as, ni\u00f1os, adolescentes y mujeres en condiciones de vulnerabilidad, como lo [&hellip;]<\/p>\n","protected":false},"author":4,"featured_media":1344,"comment_status":"open","ping_status":"open","sticky":false,"template":"","format":"standard","meta":{"om_disable_all_campaigns":false,"_monsterinsights_skip_tracking":false,"_monsterinsights_sitenote_active":false,"_monsterinsights_sitenote_note":"","_monsterinsights_sitenote_category":0,"footnotes":""},"categories":[175],"tags":[],"class_list":["post-1343","post","type-post","status-publish","format-standard","has-post-thumbnail","hentry","category-local"],"amp_enabled":true,"_links":{"self":[{"href":"https:\/\/lahora.mx\/index.php\/wp-json\/wp\/v2\/posts\/1343","targetHints":{"allow":["GET"]}}],"collection":[{"href":"https:\/\/lahora.mx\/index.php\/wp-json\/wp\/v2\/posts"}],"about":[{"href":"https:\/\/lahora.mx\/index.php\/wp-json\/wp\/v2\/types\/post"}],"author":[{"embeddable":true,"href":"https:\/\/lahora.mx\/index.php\/wp-json\/wp\/v2\/users\/4"}],"replies":[{"embeddable":true,"href":"https:\/\/lahora.mx\/index.php\/wp-json\/wp\/v2\/comments?post=1343"}],"version-history":[{"count":2,"href":"https:\/\/lahora.mx\/index.php\/wp-json\/wp\/v2\/posts\/1343\/revisions"}],"predecessor-version":[{"id":1346,"href":"https:\/\/lahora.mx\/index.php\/wp-json\/wp\/v2\/posts\/1343\/revisions\/1346"}],"wp:featuredmedia":[{"embeddable":true,"href":"https:\/\/lahora.mx\/index.php\/wp-json\/wp\/v2\/media\/1344"}],"wp:attachment":[{"href":"https:\/\/lahora.mx\/index.php\/wp-json\/wp\/v2\/media?parent=1343"}],"wp:term":[{"taxonomy":"category","embeddable":true,"href":"https:\/\/lahora.mx\/index.php\/wp-json\/wp\/v2\/categories?post=1343"},{"taxonomy":"post_tag","embeddable":true,"href":"https:\/\/lahora.mx\/index.php\/wp-json\/wp\/v2\/tags?post=1343"}],"curies":[{"name":"wp","href":"https:\/\/api.w.org\/{rel}","templated":true}]}}