{"id":13411,"date":"2022-09-12T22:10:40","date_gmt":"2022-09-12T22:10:40","guid":{"rendered":"http:\/\/lahora.mx\/?p=13411"},"modified":"2022-09-12T22:10:41","modified_gmt":"2022-09-12T22:10:41","slug":"nestor-camarillo-sera-el-nuevo-presidente-de-la-mesa-directiva-del-congreso","status":"publish","type":"post","link":"https:\/\/lahora.mx\/index.php\/2022\/09\/12\/nestor-camarillo-sera-el-nuevo-presidente-de-la-mesa-directiva-del-congreso\/","title":{"rendered":"N\u00e9stor Camarillo ser\u00e1 el nuevo presidente de la Mesa Directiva del Congreso"},"content":{"rendered":"\n<p>El diputado local por el Partido Revolucionario Institucional (PRI), N\u00e9stor Camarillo Medina, se perfila para ser designado el 13 de septiembre como el nuevo presidente de la Mesa Directiva del Congreso de Puebla para el segundo a\u00f1o de la actual legislatura, debido a que su nombramiento ya fue avalado por la Junta de Gobierno y Coordinaci\u00f3n Pol\u00edtica, as\u00ed como por la bancada del tricolor y el Partido Acci\u00f3n Nacional (PAN).<\/p>\n\n\n\n<p>Durante la comisi\u00f3n permanente del \u00f3rgano al interior del Poder Legislativo, la presidenta, Aurora Sierra Rodr\u00edguez, convoc\u00f3 a sesi\u00f3n extraordinaria ma\u00f1ana para integrar la propuesta de la primera Mesa Directiva del segundo a\u00f1o de la LXI legislatura, la cual ejercer\u00e1 funciones del 15 de septiembre del a\u00f1o en curso al 15 de marzo del 2023. En entrevista, el coordinador de la bancada del albiazul, Eduardo Alc\u00e1ntara Montiel, confirm\u00f3 que, es turno de que el PRI encabece la Mesa Directiva y la propuesta es N\u00e9stor Camarillo.<\/p>\n\n\n\n<p>N\u00e9stor Camarillo se perfila para presidente de la Mesa Directiva del Congreso de Puebla<br>\u201cEn la Junta de Gobierno se acord\u00f3 quien iba a presidir la siguiente Mesa Directiva para que ya fuera aprobado en sesi\u00f3n extraordinaria, como marca el reglamento y la ley del Congreso de Puebla. Se acord\u00f3 que le tocar\u00eda presidirla al PRI, le tocar\u00eda a N\u00e9stor Camarillo Medina y en el caso del PAN le toc\u00f3 una vicepresidencia\u201d, expres\u00f3.<\/p>\n\n\n\n<p>De acuerdo con Alc\u00e1ntara Montiel, la propuesta es que el dirigente estatal del tricolor ocupe la presidencia de la Mesa Directiva, el morenista Roberto Sol\u00eds Valles y la panista Guadalupe Leal Rodr\u00edguez, del PAN, la vicepresidencia.<\/p>\n\n\n\n<p>El nombramiento de Camarillo Medina se perfila para ser avalado porque la bancada del albiazul y del tricolor ya mostraron su respaldo al nombramiento, por lo que, \u00fanicamente debe ser aprobado por el pleno, para lo cual se requiere mayor\u00eda calificada, es decir, dos terceras partes de los legisladores presentes en la sesi\u00f3n.<\/p>\n\n\n\n<p>De acuerdo con la normatividad del Poder Legislativo, la Mesa Directiva conduce las sesiones, asegura el desarrollo de los debates, discusiones y votaciones del pleno, adem\u00e1s, formula y cumple con el orden del d\u00eda para las sesiones.<\/p>\n\n\n\n<p>En la sesi\u00f3n de ma\u00f1ana tambi\u00e9n se someter\u00e1 a votaci\u00f3n que la suplente de la diputada local, Olga Romero Garci-Crespo, Jocelyn Olivares L\u00f3pez, sea la presidenta de la Comisi\u00f3n de Control, Vigilancia y Evaluaci\u00f3n de la Auditor\u00eda Superior del Estado (ASE), que ten\u00eda a su cargo la ahora presidenta electa de Morena en Puebla.<\/p>\n","protected":false},"excerpt":{"rendered":"<p>El diputado local por el Partido Revolucionario Institucional (PRI), N\u00e9stor Camarillo Medina, se perfila para ser designado el 13 de septiembre como el nuevo presidente de la Mesa Directiva del Congreso de Puebla para el segundo a\u00f1o de la actual legislatura, debido a que su nombramiento ya fue avalado por la Junta de Gobierno y [&hellip;]<\/p>\n","protected":false},"author":4,"featured_media":13412,"comment_status":"open","ping_status":"open","sticky":false,"template":"","format":"standard","meta":{"om_disable_all_campaigns":false,"_monsterinsights_skip_tracking":false,"_monsterinsights_sitenote_active":false,"_monsterinsights_sitenote_note":"","_monsterinsights_sitenote_category":0,"footnotes":""},"categories":[175],"tags":[227,223],"class_list":["post-13411","post","type-post","status-publish","format-standard","has-post-thumbnail","hentry","category-local","tag-congreso","tag-puebla"],"amp_enabled":true,"_links":{"self":[{"href":"https:\/\/lahora.mx\/index.php\/wp-json\/wp\/v2\/posts\/13411","targetHints":{"allow":["GET"]}}],"collection":[{"href":"https:\/\/lahora.mx\/index.php\/wp-json\/wp\/v2\/posts"}],"about":[{"href":"https:\/\/lahora.mx\/index.php\/wp-json\/wp\/v2\/types\/post"}],"author":[{"embeddable":true,"href":"https:\/\/lahora.mx\/index.php\/wp-json\/wp\/v2\/users\/4"}],"replies":[{"embeddable":true,"href":"https:\/\/lahora.mx\/index.php\/wp-json\/wp\/v2\/comments?post=13411"}],"version-history":[{"count":2,"href":"https:\/\/lahora.mx\/index.php\/wp-json\/wp\/v2\/posts\/13411\/revisions"}],"predecessor-version":[{"id":14364,"href":"https:\/\/lahora.mx\/index.php\/wp-json\/wp\/v2\/posts\/13411\/revisions\/14364"}],"wp:featuredmedia":[{"embeddable":true,"href":"https:\/\/lahora.mx\/index.php\/wp-json\/wp\/v2\/media\/13412"}],"wp:attachment":[{"href":"https:\/\/lahora.mx\/index.php\/wp-json\/wp\/v2\/media?parent=13411"}],"wp:term":[{"taxonomy":"category","embeddable":true,"href":"https:\/\/lahora.mx\/index.php\/wp-json\/wp\/v2\/categories?post=13411"},{"taxonomy":"post_tag","embeddable":true,"href":"https:\/\/lahora.mx\/index.php\/wp-json\/wp\/v2\/tags?post=13411"}],"curies":[{"name":"wp","href":"https:\/\/api.w.org\/{rel}","templated":true}]}}