{"id":1339,"date":"2022-01-09T22:19:40","date_gmt":"2022-01-09T22:19:40","guid":{"rendered":"http:\/\/lahora.mx\/?p=1339"},"modified":"2022-01-09T22:19:40","modified_gmt":"2022-01-09T22:19:40","slug":"8-3-millones-en-mexico-omitieron-la-cuarentena","status":"publish","type":"post","link":"https:\/\/lahora.mx\/index.php\/2022\/01\/09\/8-3-millones-en-mexico-omitieron-la-cuarentena\/","title":{"rendered":"8.3 millones en M\u00e9xico omitieron la cuarentena"},"content":{"rendered":"<p class=\"letter-capitular\">Un estudio publicado en el n\u00famero especial de diciembre de la revista <em>Salud P\u00fablica de M\u00e9xico<\/em>\u00a0revel\u00f3 que, del total de esa poblaci\u00f3n, 48.1%, alrededor de 7.8 millones de personas, pudo quedarse en casa tras estar expuesto a la pandemia.<br \/>\n16.1 millones de personas mayores de 10 a\u00f1os que presentaron s\u00edntomas de covid-19 o estuvieron en contacto con un caso positivo, m\u00e1s de la mitad no se aisl\u00f3, por lo que pudieron haber contribuido a propagar la enfermedad.<\/p>\n<p>De acuerdo con la investigaci\u00f3n publicada en diciembre, el nivel de aislamiento vari\u00f3 seg\u00fan el nivel socioecon\u00f3mico de las personas y su estatus laboral.<br \/>\nSeg\u00fan el reporte, cuyo objetivo fue investigar el nivel de cumplimiento de las recomendaciones de aislamiento ante los s\u00edntomas de covid-19 o contacto con un caso, 48.1% de dicha poblaci\u00f3n report\u00f3 quedarse en casa ante s\u00edntomas o contacto con alg\u00fan enfermo, por lo que m\u00e1s de la mitad, 8.3 millones, no lo hizo.<br \/>\nEntre los hallazgos del estudio se encuentran que la prevalencia de aislamiento fue mayor entre poblaci\u00f3n ocupada que no ocupada, as\u00ed como entre personas con alto nivel socioecon\u00f3mico.<br \/>\nAdem\u00e1s, se observ\u00f3 una prevalencia de aislamiento mayor en aquellos estados que dieron mensajes espec\u00edficos sobre qu\u00e9 hacer en caso de s\u00edntomas sugestivos a covid-19 o de estar en contacto con un caso.<br \/>\nOtro hallazgo fue que la prevalencia de aislamiento fue mayor entre la poblaci\u00f3n ocupada que la no ocupada, as\u00ed como entre personas con alto nivel socioecon\u00f3mico.<br \/>\nAdem\u00e1s, se observ\u00f3 mayor aislamiento en estados que dieron mensajes espec\u00edficos sobre qu\u00e9 hacer en caso de s\u00edntomas sugestivos de covid-19 o de estar en\u00a0contacto con\u00a0un caso.<\/p>\n<p>M\u00e1s de la mitad de las personas que tuvieron s\u00edntomas compatibles con covid-19 o estuvieron en contacto con alguien contagiado no se aisl\u00f3, por lo que pudieron haber contribuido a la propagaci\u00f3n de la enfermedad, concluy\u00f3 el estudio Aislamiento ante s\u00edntomas sugestivos de covid-19 o contacto con un caso: cumplimiento, prevalencia y factores asociados.<br \/>\nSin embargo, s\u00f3lo 31% de las p\u00e1ginas oficiales de las secretar\u00edas de salud estatales exponen mensajes claros sobre aislamiento y cuarentena, y a lo largo del pa\u00eds el estudio encontr\u00f3 una variedad de mensajes que podr\u00edan haber causado confusi\u00f3n entre la poblaci\u00f3n.<\/p>\n","protected":false},"excerpt":{"rendered":"<p>Un estudio publicado en el n\u00famero especial de diciembre de la revista Salud P\u00fablica de M\u00e9xico\u00a0revel\u00f3 que, del total de esa poblaci\u00f3n, 48.1%, alrededor de 7.8 millones de personas, pudo quedarse en casa tras estar expuesto a la pandemia. 16.1 millones de personas mayores de 10 a\u00f1os que presentaron s\u00edntomas de covid-19 o estuvieron en [&hellip;]<\/p>\n","protected":false},"author":4,"featured_media":1340,"comment_status":"open","ping_status":"open","sticky":false,"template":"","format":"standard","meta":{"om_disable_all_campaigns":false,"_monsterinsights_skip_tracking":false,"_monsterinsights_sitenote_active":false,"_monsterinsights_sitenote_note":"","_monsterinsights_sitenote_category":0,"footnotes":""},"categories":[176],"tags":[195],"class_list":["post-1339","post","type-post","status-publish","format-standard","has-post-thumbnail","hentry","category-nacional","tag-principal"],"amp_enabled":true,"_links":{"self":[{"href":"https:\/\/lahora.mx\/index.php\/wp-json\/wp\/v2\/posts\/1339","targetHints":{"allow":["GET"]}}],"collection":[{"href":"https:\/\/lahora.mx\/index.php\/wp-json\/wp\/v2\/posts"}],"about":[{"href":"https:\/\/lahora.mx\/index.php\/wp-json\/wp\/v2\/types\/post"}],"author":[{"embeddable":true,"href":"https:\/\/lahora.mx\/index.php\/wp-json\/wp\/v2\/users\/4"}],"replies":[{"embeddable":true,"href":"https:\/\/lahora.mx\/index.php\/wp-json\/wp\/v2\/comments?post=1339"}],"version-history":[{"count":2,"href":"https:\/\/lahora.mx\/index.php\/wp-json\/wp\/v2\/posts\/1339\/revisions"}],"predecessor-version":[{"id":1342,"href":"https:\/\/lahora.mx\/index.php\/wp-json\/wp\/v2\/posts\/1339\/revisions\/1342"}],"wp:featuredmedia":[{"embeddable":true,"href":"https:\/\/lahora.mx\/index.php\/wp-json\/wp\/v2\/media\/1340"}],"wp:attachment":[{"href":"https:\/\/lahora.mx\/index.php\/wp-json\/wp\/v2\/media?parent=1339"}],"wp:term":[{"taxonomy":"category","embeddable":true,"href":"https:\/\/lahora.mx\/index.php\/wp-json\/wp\/v2\/categories?post=1339"},{"taxonomy":"post_tag","embeddable":true,"href":"https:\/\/lahora.mx\/index.php\/wp-json\/wp\/v2\/tags?post=1339"}],"curies":[{"name":"wp","href":"https:\/\/api.w.org\/{rel}","templated":true}]}}