{"id":13374,"date":"2022-09-12T00:39:10","date_gmt":"2022-09-12T00:39:10","guid":{"rendered":"http:\/\/lahora.mx\/?p=13374"},"modified":"2022-09-12T00:39:11","modified_gmt":"2022-09-12T00:39:11","slug":"red-feminista-exige-catalogar-como-feminicidio-la-muerte-de-estefany-n","status":"publish","type":"post","link":"https:\/\/lahora.mx\/index.php\/2022\/09\/12\/red-feminista-exige-catalogar-como-feminicidio-la-muerte-de-estefany-n\/","title":{"rendered":"Red feminista exige catalogar como feminicidio la muerte de Estefany N."},"content":{"rendered":"\n<p>Este domingo, la red feminista de Atlixco se manifestaron a las afueras de la Casa de Justicia en el municipio de San Andr\u00e9s Cholula para exigir a las autoridades correspondientes catalogar el asesinado de Estefany N., como feminicidio y no como homicidio que asegur\u00f3 esta red.<\/p>\n\n\n\n<p>A trav\u00e9s de su cuentas oficiales, informaron que tras la muerte de Estefany N., exigieron a la Fiscal\u00eda General del Estado (FGE) que el caso debe ser investigado como probable Feminicidio, y no como homicidio que en un principio busc\u00f3 la dependencia, para deslindar responsabilidades de manera diferente al hecho, aseguraron.<\/p>\n\n\n\n<p>\u201cEsperamos que el protocolo sea respetado y aplicado, que el personal responsable est\u00e9 capacitado en perspectiva de g\u00e9nero y que se deje de responsabilizar a las v\u00edctimas de la violencia que viven as\u00ed como a sus familiares\u201d<\/p>\n\n\n\n<p>Derivado de lo anterior, la ma\u00f1ana de este domingo, la red acudi\u00f3 a la Casa de Justicia en San Andr\u00e9s Cholula en donde se llev\u00f3 la audiencia contra el presunto responsable quien fue se\u00f1alado como pareja sentimental de la v\u00edctima, en este punto pidieron a las autoridades exigencia y que las acciones sean justas y prontas.<\/p>\n\n\n\n<p>Tambi\u00e9n fueron colocadas algunas pancartas, con algunas leyendas como \u201cNo fue homicidio, fue feminicidio, #JusticiaParaEstefany. Que caiga con fuerza el feminicida\u201d, entre otras m\u00e1s leyendas.<\/p>\n\n\n\n<p>Cabe mencionar que el hecho ocurri\u00f3 desde la noche del pasado mi\u00e9rcoles, cuando familiares reportaron a Estefany N., como desaparecida, despu\u00e9s que sali\u00f3 de su trabajo en una sucursal de Pirma ubicada en calle independencia a un costado del z\u00f3calo del centro de Atlixco y ya no regres\u00f3 a casa.<\/p>\n\n\n\n<p>Al percatarse que tambi\u00e9n su tel\u00e9fono dej\u00f3 de sonar, sus familiares empezaron con su b\u00fasqueda a trav\u00e9s de redes sociales. Mientras que su imagen circulaba, a la par se reportaba una persona sin vida al interior de un motel llamado \u201cLos \u00c1ngeles\u201d, en avenida antes mencionada, y la primera versi\u00f3n indicaba que era un masculino.<\/p>\n\n\n\n<p>Hallan cuerpo de una mujer reportada como desaparecida en trayecto M\u00e9xico-Puebla<br>Sin embargo, al paso de las horas, la informaci\u00f3n se empezaba a esclarecer y se confirm\u00f3 que era una mujer con las mismas caracter\u00edsticas de la desaparecida, y finalmente se rectific\u00f3 que era Estefany, quien fue hallada sin vida, justo en la cochera entre las escaleras y la puerta de la habitaci\u00f3n.<\/p>\n\n\n\n<p>El empleado del lugar report\u00f3 a los n\u00fameros de emergencia a la f\u00e9mina, quien presentaba huellas de tortura, sin embargo, no se abord\u00f3 m\u00e1s detalles, asimismo, se presume que el presunto responsable quien lleg\u00f3 con ella fue detenido, gracias al tel\u00e9fono de la v\u00edctima que fue localizado por geolocalizaci\u00f3n<\/p>\n","protected":false},"excerpt":{"rendered":"<p>Este domingo, la red feminista de Atlixco se manifestaron a las afueras de la Casa de Justicia en el municipio de San Andr\u00e9s Cholula para exigir a las autoridades correspondientes catalogar el asesinado de Estefany N., como feminicidio y no como homicidio que asegur\u00f3 esta red. A trav\u00e9s de su cuentas oficiales, informaron que tras [&hellip;]<\/p>\n","protected":false},"author":4,"featured_media":13375,"comment_status":"open","ping_status":"open","sticky":false,"template":"","format":"standard","meta":{"om_disable_all_campaigns":false,"_monsterinsights_skip_tracking":false,"_monsterinsights_sitenote_active":false,"_monsterinsights_sitenote_note":"","_monsterinsights_sitenote_category":0,"footnotes":""},"categories":[175],"tags":[195,223],"class_list":["post-13374","post","type-post","status-publish","format-standard","has-post-thumbnail","hentry","category-local","tag-principal","tag-puebla"],"amp_enabled":true,"_links":{"self":[{"href":"https:\/\/lahora.mx\/index.php\/wp-json\/wp\/v2\/posts\/13374","targetHints":{"allow":["GET"]}}],"collection":[{"href":"https:\/\/lahora.mx\/index.php\/wp-json\/wp\/v2\/posts"}],"about":[{"href":"https:\/\/lahora.mx\/index.php\/wp-json\/wp\/v2\/types\/post"}],"author":[{"embeddable":true,"href":"https:\/\/lahora.mx\/index.php\/wp-json\/wp\/v2\/users\/4"}],"replies":[{"embeddable":true,"href":"https:\/\/lahora.mx\/index.php\/wp-json\/wp\/v2\/comments?post=13374"}],"version-history":[{"count":1,"href":"https:\/\/lahora.mx\/index.php\/wp-json\/wp\/v2\/posts\/13374\/revisions"}],"predecessor-version":[{"id":13376,"href":"https:\/\/lahora.mx\/index.php\/wp-json\/wp\/v2\/posts\/13374\/revisions\/13376"}],"wp:featuredmedia":[{"embeddable":true,"href":"https:\/\/lahora.mx\/index.php\/wp-json\/wp\/v2\/media\/13375"}],"wp:attachment":[{"href":"https:\/\/lahora.mx\/index.php\/wp-json\/wp\/v2\/media?parent=13374"}],"wp:term":[{"taxonomy":"category","embeddable":true,"href":"https:\/\/lahora.mx\/index.php\/wp-json\/wp\/v2\/categories?post=13374"},{"taxonomy":"post_tag","embeddable":true,"href":"https:\/\/lahora.mx\/index.php\/wp-json\/wp\/v2\/tags?post=13374"}],"curies":[{"name":"wp","href":"https:\/\/api.w.org\/{rel}","templated":true}]}}