{"id":1336,"date":"2022-01-09T04:17:52","date_gmt":"2022-01-09T04:17:52","guid":{"rendered":"http:\/\/lahora.mx\/?p=1336"},"modified":"2022-01-09T04:17:52","modified_gmt":"2022-01-09T04:17:52","slug":"da-positivo-a-covid-19-el-presidente-del-congreso-de-puebla","status":"publish","type":"post","link":"https:\/\/lahora.mx\/index.php\/2022\/01\/09\/da-positivo-a-covid-19-el-presidente-del-congreso-de-puebla\/","title":{"rendered":"Da positivo a Covid-19 el presidente del Congreso de Puebla."},"content":{"rendered":"<p><b>Sergio Salom\u00f3n C\u00e9spedes Peregrina <\/b>el presidente de la <b>Junta de Gobierno y Coordinaci\u00f3n Pol\u00edtica del Congreso del Estado<\/b>, dio a conocer que fue positivo a <b>Covid-19<\/b>\u00a0por lo que cumplir\u00e1 con sus actividades legislativas en aislamiento.<\/p>\n<blockquote class=\"twitter-tweet\">\n<p dir=\"ltr\" lang=\"es\">Buenas tardes a tod@s. Les comparto que ayer por la tarde me realic\u00e9 una prueba de COVID, la cual dio positivo. El resultado fue confirmado hoy. Desde ayer me encuentro en aislamiento, gracias a Dios, con s\u00edntomas leves y siguiendo las indicaciones del m\u00e9dico. 1\/2<\/p>\n<p>\u2014 Sergio Salom\u00f3n (@SergioSalomonC) <a href=\"https:\/\/twitter.com\/SergioSalomonC\/status\/1479966554162929665?ref_src=twsrc%5Etfw\">January 9, 2022<\/a><\/p><\/blockquote>\n<p><script async src=\"https:\/\/platform.twitter.com\/widgets.js\" charset=\"utf-8\"><\/script><\/p>\n<div class=\"content-body clearfix \">\n<div id=\"content-body-225-7706553\">\n<p>A trav\u00e9s de su cuenta de\u00a0Twitter, el diputado explic\u00f3 que desde el viernes se realiz\u00f3 la prueba ante la sospecha de contagio y arroj\u00f3 un\u00a0<b>resultado positivo<\/b>.<\/p>\n<\/div>\n<\/div>\n<div class=\"advertisment \">\n<div id=\"dfp-nota-1x1s\" data-google-query-id=\"CJqL-MPfo_UCFYzBwAodtZ4LtA\"><\/div>\n<\/div>\n","protected":false},"excerpt":{"rendered":"<p>Sergio Salom\u00f3n C\u00e9spedes Peregrina el presidente de la Junta de Gobierno y Coordinaci\u00f3n Pol\u00edtica del Congreso del Estado, dio a conocer que fue positivo a Covid-19\u00a0por lo que cumplir\u00e1 con sus actividades legislativas en aislamiento. Buenas tardes a tod@s. Les comparto que ayer por la tarde me realic\u00e9 una prueba de COVID, la cual dio [&hellip;]<\/p>\n","protected":false},"author":5,"featured_media":1337,"comment_status":"open","ping_status":"open","sticky":false,"template":"","format":"standard","meta":{"om_disable_all_campaigns":false,"_monsterinsights_skip_tracking":false,"_monsterinsights_sitenote_active":false,"_monsterinsights_sitenote_note":"","_monsterinsights_sitenote_category":0,"footnotes":""},"categories":[175],"tags":[],"class_list":["post-1336","post","type-post","status-publish","format-standard","has-post-thumbnail","hentry","category-local"],"amp_enabled":true,"_links":{"self":[{"href":"https:\/\/lahora.mx\/index.php\/wp-json\/wp\/v2\/posts\/1336","targetHints":{"allow":["GET"]}}],"collection":[{"href":"https:\/\/lahora.mx\/index.php\/wp-json\/wp\/v2\/posts"}],"about":[{"href":"https:\/\/lahora.mx\/index.php\/wp-json\/wp\/v2\/types\/post"}],"author":[{"embeddable":true,"href":"https:\/\/lahora.mx\/index.php\/wp-json\/wp\/v2\/users\/5"}],"replies":[{"embeddable":true,"href":"https:\/\/lahora.mx\/index.php\/wp-json\/wp\/v2\/comments?post=1336"}],"version-history":[{"count":1,"href":"https:\/\/lahora.mx\/index.php\/wp-json\/wp\/v2\/posts\/1336\/revisions"}],"predecessor-version":[{"id":1338,"href":"https:\/\/lahora.mx\/index.php\/wp-json\/wp\/v2\/posts\/1336\/revisions\/1338"}],"wp:featuredmedia":[{"embeddable":true,"href":"https:\/\/lahora.mx\/index.php\/wp-json\/wp\/v2\/media\/1337"}],"wp:attachment":[{"href":"https:\/\/lahora.mx\/index.php\/wp-json\/wp\/v2\/media?parent=1336"}],"wp:term":[{"taxonomy":"category","embeddable":true,"href":"https:\/\/lahora.mx\/index.php\/wp-json\/wp\/v2\/categories?post=1336"},{"taxonomy":"post_tag","embeddable":true,"href":"https:\/\/lahora.mx\/index.php\/wp-json\/wp\/v2\/tags?post=1336"}],"curies":[{"name":"wp","href":"https:\/\/api.w.org\/{rel}","templated":true}]}}