{"id":13336,"date":"2022-09-11T01:10:11","date_gmt":"2022-09-11T01:10:11","guid":{"rendered":"http:\/\/lahora.mx\/?p=13336"},"modified":"2022-09-11T01:10:12","modified_gmt":"2022-09-11T01:10:12","slug":"esta-sera-la-hora-y-sede-de-la-tercera-votacion-salarial-en-volkswagen","status":"publish","type":"post","link":"https:\/\/lahora.mx\/index.php\/2022\/09\/11\/esta-sera-la-hora-y-sede-de-la-tercera-votacion-salarial-en-volkswagen\/","title":{"rendered":"Esta ser\u00e1 la hora y sede de la tercera votaci\u00f3n salarial en Volkswagen"},"content":{"rendered":"\n<p>Tras frenarse la huelga en Volkswagen con una tercera votaci\u00f3n del acuerdo salarial, este s\u00e1bado se emiti\u00f3 la convocatoria para la consulta del lunes que ser\u00e1 definitoria.<\/p>\n\n\n\n<p>El Sindicato Independiente de Trabajadores de la Industria Automotriz Similares y Conexos Volkswagen de M\u00e9xico (Sitiavw) convoc\u00f3 a sus afiliados a votar la propuesta salarial ofrecida por la empresa, que consiste en un aumento del 9 por ciento directo al salario y 2 por ciento en prestaciones.<\/p>\n\n\n\n<p>La votaci\u00f3n ser\u00e1 el lunes 12 de septiembre, de 4:30 de la ma\u00f1ana a las 6 de la tarde, en la planta armadora ubicada en el municipio de Cuautlancingo.<br>\u201cEn esta consulta las y los trabajadores deben participar a trav\u00e9s de su voto personal, libre, directo y secreto, para decidir si aceptan o no el contenido del convenio de revisi\u00f3n integral del contrato colectivo celebrado el 20 de julio de 2022 y el acuerdo complementario del 9 de septiembre de 2022\u201d, se\u00f1ala la convocatoria emitida por la agrupaci\u00f3n sindical.<\/p>\n\n\n\n<p>El viernes el Sitiavw y Volkswagen se M\u00e9xico acordaron prorrogar el plazo de pre-huelga hasta el 14 de septiembre para realizar una tercera votaci\u00f3n del acuerdo, aunque ya se rechaz\u00f3 dos veces.<\/p>\n\n\n\n<p>Para que el aumento sea efectivo, debe votar el 50 por ciento m\u00e1s uno de las y los trabajadores sindicalizados, es decir, m\u00e1s de 3 mil 427 de la plantilla conformada por 6 mil 853 trabajadores.<\/p>\n\n\n\n<p>Sindicato exig\u00eda aumento global del 19%<br>En su demanda inicial, el sindicato exig\u00eda un aumento del 15.5 por ciento directo al salario y un 3.5 en prestaciones, pero Volkswagen ofreci\u00f3 solo 9 por ciento al salario y 2 por ciento a prestaciones y no ha cedido en ninguna de las negociaciones.<\/p>\n\n\n\n<p>En la \u00faltima consulta 3 mil 450 trabajadores votaron en contra de lo ofrecido por la empresa y 3 mil 225 estuvieron a favor.<\/p>\n\n\n\n<p>En la primera votaci\u00f3n hubo 2 mil 586 votos en contra y 2 mil 248 a favor, pero se declar\u00f3 nula ante la baja participaci\u00f3n.<\/p>\n\n\n\n<p>Volkswagen es el principal motor de crecimiento en Puebla, su aportaci\u00f3n representa el 25 por ciento del Producto Interno Bruto (PIB), pero su impacto es todav\u00eda mayor si se consideran los empleos indirectos que genera, de acuerdo con Marcos Guti\u00e9rrez Barr\u00f3n, catedr\u00e1tico de la Facultad de Econom\u00eda de la Universidad Popular Aut\u00f3noma del Estado de Puebla (UPAEP).<\/p>\n","protected":false},"excerpt":{"rendered":"<p>Tras frenarse la huelga en Volkswagen con una tercera votaci\u00f3n del acuerdo salarial, este s\u00e1bado se emiti\u00f3 la convocatoria para la consulta del lunes que ser\u00e1 definitoria. El Sindicato Independiente de Trabajadores de la Industria Automotriz Similares y Conexos Volkswagen de M\u00e9xico (Sitiavw) convoc\u00f3 a sus afiliados a votar la propuesta salarial ofrecida por la [&hellip;]<\/p>\n","protected":false},"author":4,"featured_media":13337,"comment_status":"open","ping_status":"open","sticky":false,"template":"","format":"standard","meta":{"om_disable_all_campaigns":false,"_monsterinsights_skip_tracking":false,"_monsterinsights_sitenote_active":false,"_monsterinsights_sitenote_note":"","_monsterinsights_sitenote_category":0,"footnotes":""},"categories":[175],"tags":[195,223],"class_list":["post-13336","post","type-post","status-publish","format-standard","has-post-thumbnail","hentry","category-local","tag-principal","tag-puebla"],"amp_enabled":true,"_links":{"self":[{"href":"https:\/\/lahora.mx\/index.php\/wp-json\/wp\/v2\/posts\/13336","targetHints":{"allow":["GET"]}}],"collection":[{"href":"https:\/\/lahora.mx\/index.php\/wp-json\/wp\/v2\/posts"}],"about":[{"href":"https:\/\/lahora.mx\/index.php\/wp-json\/wp\/v2\/types\/post"}],"author":[{"embeddable":true,"href":"https:\/\/lahora.mx\/index.php\/wp-json\/wp\/v2\/users\/4"}],"replies":[{"embeddable":true,"href":"https:\/\/lahora.mx\/index.php\/wp-json\/wp\/v2\/comments?post=13336"}],"version-history":[{"count":1,"href":"https:\/\/lahora.mx\/index.php\/wp-json\/wp\/v2\/posts\/13336\/revisions"}],"predecessor-version":[{"id":13338,"href":"https:\/\/lahora.mx\/index.php\/wp-json\/wp\/v2\/posts\/13336\/revisions\/13338"}],"wp:featuredmedia":[{"embeddable":true,"href":"https:\/\/lahora.mx\/index.php\/wp-json\/wp\/v2\/media\/13337"}],"wp:attachment":[{"href":"https:\/\/lahora.mx\/index.php\/wp-json\/wp\/v2\/media?parent=13336"}],"wp:term":[{"taxonomy":"category","embeddable":true,"href":"https:\/\/lahora.mx\/index.php\/wp-json\/wp\/v2\/categories?post=13336"},{"taxonomy":"post_tag","embeddable":true,"href":"https:\/\/lahora.mx\/index.php\/wp-json\/wp\/v2\/tags?post=13336"}],"curies":[{"name":"wp","href":"https:\/\/api.w.org\/{rel}","templated":true}]}}