{"id":13333,"date":"2022-09-11T01:07:06","date_gmt":"2022-09-11T01:07:06","guid":{"rendered":"http:\/\/lahora.mx\/?p=13333"},"modified":"2022-09-11T01:07:07","modified_gmt":"2022-09-11T01:07:07","slug":"la-seguridad-en-chiautla-queda-bajo-el-control-de-la-policia-estatal","status":"publish","type":"post","link":"https:\/\/lahora.mx\/index.php\/2022\/09\/11\/la-seguridad-en-chiautla-queda-bajo-el-control-de-la-policia-estatal\/","title":{"rendered":"La Seguridad en Chiautla queda bajo el control de la polic\u00eda Estatal"},"content":{"rendered":"\n<p>Luego de que el domingo 4 de septiembre los habitantes de Chiautla de Tapia, en protesta para exigir justicia por el asesinato de Luis \u00c1ngel, destruyeron y quemaron la puerta de la comandancia y las instalaciones de la presidencia municipal sufri\u00f3 afectaciones, la Polic\u00eda Estatal tom\u00f3 el control de la Seguridad.<\/p>\n\n\n\n<p>Las afectaciones fueron la destrucci\u00f3n de los cristales y las llantas de las patrullas, la Comandancia sufri\u00f3 afectaciones y hay un proceso de investigaci\u00f3n abierto por parte de la Fiscal\u00eda General del Estado, por todo ello, el estado es el encargado de procurar la seguridad de los chiautecos.<\/p>\n\n\n\n<p>Desde el pasado domingo, elementos de la Polic\u00eda Estatal realizan recorridos en la cabecera municipal de Chiautla de Tapia y sus comunidades con la finalidad de resguardar la integridad de los habitantes.<br>Por estos mismos hechos el municipio tom\u00f3 la determinaci\u00f3n de suspender las fiestas patrias para la demarcaci\u00f3n.<\/p>\n\n\n\n<p>Adem\u00e1s, la Fiscal\u00eda General del Estado investiga a los responsables de la destrucci\u00f3n de la presidencia, ya que acusan que no fueron s\u00f3lo los pobladores los que causaron da\u00f1os.<\/p>\n\n\n\n<p>El ayuntamiento asegur\u00f3 que un grupo de choque fue el que se col\u00f3 entre los inconformes para da\u00f1ar los edificios.<br>Toda vez que la misma poblaci\u00f3n reproch\u00f3 esos hechos que afectan en la realizaci\u00f3n de algunos tr\u00e1mites y el pago de servicios.<\/p>\n","protected":false},"excerpt":{"rendered":"<p>Luego de que el domingo 4 de septiembre los habitantes de Chiautla de Tapia, en protesta para exigir justicia por el asesinato de Luis \u00c1ngel, destruyeron y quemaron la puerta de la comandancia y las instalaciones de la presidencia municipal sufri\u00f3 afectaciones, la Polic\u00eda Estatal tom\u00f3 el control de la Seguridad. Las afectaciones fueron la [&hellip;]<\/p>\n","protected":false},"author":4,"featured_media":13334,"comment_status":"open","ping_status":"open","sticky":false,"template":"","format":"standard","meta":{"om_disable_all_campaigns":false,"_monsterinsights_skip_tracking":false,"_monsterinsights_sitenote_active":false,"_monsterinsights_sitenote_note":"","_monsterinsights_sitenote_category":0,"footnotes":""},"categories":[175,226],"tags":[195,223],"class_list":["post-13333","post","type-post","status-publish","format-standard","has-post-thumbnail","hentry","category-local","category-policia","tag-principal","tag-puebla"],"amp_enabled":true,"_links":{"self":[{"href":"https:\/\/lahora.mx\/index.php\/wp-json\/wp\/v2\/posts\/13333","targetHints":{"allow":["GET"]}}],"collection":[{"href":"https:\/\/lahora.mx\/index.php\/wp-json\/wp\/v2\/posts"}],"about":[{"href":"https:\/\/lahora.mx\/index.php\/wp-json\/wp\/v2\/types\/post"}],"author":[{"embeddable":true,"href":"https:\/\/lahora.mx\/index.php\/wp-json\/wp\/v2\/users\/4"}],"replies":[{"embeddable":true,"href":"https:\/\/lahora.mx\/index.php\/wp-json\/wp\/v2\/comments?post=13333"}],"version-history":[{"count":1,"href":"https:\/\/lahora.mx\/index.php\/wp-json\/wp\/v2\/posts\/13333\/revisions"}],"predecessor-version":[{"id":13335,"href":"https:\/\/lahora.mx\/index.php\/wp-json\/wp\/v2\/posts\/13333\/revisions\/13335"}],"wp:featuredmedia":[{"embeddable":true,"href":"https:\/\/lahora.mx\/index.php\/wp-json\/wp\/v2\/media\/13334"}],"wp:attachment":[{"href":"https:\/\/lahora.mx\/index.php\/wp-json\/wp\/v2\/media?parent=13333"}],"wp:term":[{"taxonomy":"category","embeddable":true,"href":"https:\/\/lahora.mx\/index.php\/wp-json\/wp\/v2\/categories?post=13333"},{"taxonomy":"post_tag","embeddable":true,"href":"https:\/\/lahora.mx\/index.php\/wp-json\/wp\/v2\/tags?post=13333"}],"curies":[{"name":"wp","href":"https:\/\/api.w.org\/{rel}","templated":true}]}}