{"id":1333,"date":"2022-01-09T03:55:33","date_gmt":"2022-01-09T03:55:33","guid":{"rendered":"http:\/\/lahora.mx\/?p=1333"},"modified":"2022-01-09T03:56:01","modified_gmt":"2022-01-09T03:56:01","slug":"detectan-primer-caso-de-flurona-en-nayarit","status":"publish","type":"post","link":"https:\/\/lahora.mx\/index.php\/2022\/01\/09\/detectan-primer-caso-de-flurona-en-nayarit\/","title":{"rendered":"Detectan primer caso de Flurona, en Nayarit."},"content":{"rendered":"<p class=\"body-paragraph \">La<b>\u00a0Secretar\u00eda de Salud de Nayarit\u00a0<\/b>confirm\u00f3 el primer caso de \u201cflurona\u201d en el pa\u00eds, es decir, el contagio simult\u00e1neo de COVID-19 con influenza.<\/p>\n<p class=\"body-paragraph \">Dicho caso se detecto en un mujer de 28 a\u00f1os, en tanto las cifras de contagios siguen siendo exponenciales en Nayarit<b>.<\/b><\/p>\n<p class=\"body-paragraph \">Adem\u00e1s, autoridades estatales reforzaron las restricciones sanitarias. En los primeros ocho d\u00edas del a\u00f1o, se han acumulado mil 202 contagios en la entidad, as\u00ed como mil 205 casos activos; mientras que Tepic confirm\u00f3 247 casos y se mantiene latente la presencia de la variante \u00d3micron.<\/p>\n<p class=\"body-paragraph \">Ante este panorama, el\u00a0<b>Comit\u00e9 Estatal de Combate al COVID-19<\/b> dict\u00f3 restricciones de movilidad como la suspensi\u00f3n de clases presenciales, la cancelaci\u00f3n de actividades en antros, billares, bares, cantinas, discotecas, casinos, centros nocturnos y similares, as\u00ed como fiestas y eventos masivos; adem\u00e1s el transporte p\u00fablico solo podr\u00e1 operar con el 75 por ciento de su capacidad. Mientras que restaurantes y comercios deber\u00e1n solo trabajar con el 50 porciento de su capacidad, y deber\u00e1 observar la aplicaci\u00f3n de filtros sanitarios y distancia entre clientela.<\/p>\n","protected":false},"excerpt":{"rendered":"<p>La\u00a0Secretar\u00eda de Salud de Nayarit\u00a0confirm\u00f3 el primer caso de \u201cflurona\u201d en el pa\u00eds, es decir, el contagio simult\u00e1neo de COVID-19 con influenza. Dicho caso se detecto en un mujer de 28 a\u00f1os, en tanto las cifras de contagios siguen siendo exponenciales en Nayarit. Adem\u00e1s, autoridades estatales reforzaron las restricciones sanitarias. En los primeros ocho d\u00edas [&hellip;]<\/p>\n","protected":false},"author":5,"featured_media":1334,"comment_status":"open","ping_status":"open","sticky":false,"template":"","format":"standard","meta":{"om_disable_all_campaigns":false,"_monsterinsights_skip_tracking":false,"_monsterinsights_sitenote_active":false,"_monsterinsights_sitenote_note":"","_monsterinsights_sitenote_category":0,"footnotes":""},"categories":[176,1],"tags":[],"class_list":["post-1333","post","type-post","status-publish","format-standard","has-post-thumbnail","hentry","category-nacional","category-sin-categoria"],"amp_enabled":true,"_links":{"self":[{"href":"https:\/\/lahora.mx\/index.php\/wp-json\/wp\/v2\/posts\/1333","targetHints":{"allow":["GET"]}}],"collection":[{"href":"https:\/\/lahora.mx\/index.php\/wp-json\/wp\/v2\/posts"}],"about":[{"href":"https:\/\/lahora.mx\/index.php\/wp-json\/wp\/v2\/types\/post"}],"author":[{"embeddable":true,"href":"https:\/\/lahora.mx\/index.php\/wp-json\/wp\/v2\/users\/5"}],"replies":[{"embeddable":true,"href":"https:\/\/lahora.mx\/index.php\/wp-json\/wp\/v2\/comments?post=1333"}],"version-history":[{"count":1,"href":"https:\/\/lahora.mx\/index.php\/wp-json\/wp\/v2\/posts\/1333\/revisions"}],"predecessor-version":[{"id":1335,"href":"https:\/\/lahora.mx\/index.php\/wp-json\/wp\/v2\/posts\/1333\/revisions\/1335"}],"wp:featuredmedia":[{"embeddable":true,"href":"https:\/\/lahora.mx\/index.php\/wp-json\/wp\/v2\/media\/1334"}],"wp:attachment":[{"href":"https:\/\/lahora.mx\/index.php\/wp-json\/wp\/v2\/media?parent=1333"}],"wp:term":[{"taxonomy":"category","embeddable":true,"href":"https:\/\/lahora.mx\/index.php\/wp-json\/wp\/v2\/categories?post=1333"},{"taxonomy":"post_tag","embeddable":true,"href":"https:\/\/lahora.mx\/index.php\/wp-json\/wp\/v2\/tags?post=1333"}],"curies":[{"name":"wp","href":"https:\/\/api.w.org\/{rel}","templated":true}]}}