{"id":13329,"date":"2022-09-11T01:04:26","date_gmt":"2022-09-11T01:04:26","guid":{"rendered":"http:\/\/lahora.mx\/?p=13329"},"modified":"2022-09-11T01:04:27","modified_gmt":"2022-09-11T01:04:27","slug":"hallan-muerto-a-adulto-mayor-en-presa-de-valsequillo","status":"publish","type":"post","link":"https:\/\/lahora.mx\/index.php\/2022\/09\/11\/hallan-muerto-a-adulto-mayor-en-presa-de-valsequillo\/","title":{"rendered":"Hallan muerto a adulto mayor en presa de Valsequillo"},"content":{"rendered":"\n<p>El viernes en la tarde se encontr\u00f3 el cuerpo de un adulto mayor flotando en la presa de Valsequillo, en la colonia Guadalupe Victoria, a la altura de la carretera a San Bernardino Tepenene.<\/p>\n\n\n\n<p>El cad\u00e1ver fue localizado por vecinos que dieron aviso a las autoridades, por lo que agentes ministeriales de la Fiscal\u00eda General del Estado (FGE) se hicieron cargo del levantamiento del cuerpo.<\/p>\n\n\n\n<p>Tras las primeras revisiones, el cuerpo aparentemente no ten\u00eda signos de violencia, por lo que existen las hip\u00f3tesis de una ca\u00edda accidental y otra de un suicidio.<br>El cuerpo fue trasladado al anfiteatro para realizarle la autopsia y precisar la causa de muerte, as\u00ed como la identificaci\u00f3n del cuerpo.<\/p>\n\n\n\n<p>Este s\u00e1bado tambi\u00e9n fue encontrado luego de dos d\u00edas de b\u00fasqueda el ni\u00f1o Daniel G. L., de 12 a\u00f1os, quien cay\u00f3 al r\u00edo en Cuautinch\u00e1n al intentar rescatar a un borrego.<\/p>\n\n\n\n<p>El ni\u00f1o proveniente de la comunidad de San Jos\u00e9 Morelos fue encontrado sin vida 10 kil\u00f3metros cuesta abajo del r\u00edo, en la junta auxiliar Trinidad Nealtican, en el municipio de Tecali de Herrera.<\/p>\n\n\n\n<p>De acuerdo con la Comisi\u00f3n Nacional del Agua (Conagua), continuar\u00e1n las intensas lluvias en Puebla este fin de semana, por lo que se recomend\u00f3 a la poblaci\u00f3n mantenerse alejada de los cuerpos de agua.<\/p>\n","protected":false},"excerpt":{"rendered":"<p>El viernes en la tarde se encontr\u00f3 el cuerpo de un adulto mayor flotando en la presa de Valsequillo, en la colonia Guadalupe Victoria, a la altura de la carretera a San Bernardino Tepenene. El cad\u00e1ver fue localizado por vecinos que dieron aviso a las autoridades, por lo que agentes ministeriales de la Fiscal\u00eda General [&hellip;]<\/p>\n","protected":false},"author":4,"featured_media":13331,"comment_status":"open","ping_status":"open","sticky":false,"template":"","format":"standard","meta":{"om_disable_all_campaigns":false,"_monsterinsights_skip_tracking":false,"_monsterinsights_sitenote_active":false,"_monsterinsights_sitenote_note":"","_monsterinsights_sitenote_category":0,"footnotes":""},"categories":[175,226],"tags":[223],"class_list":["post-13329","post","type-post","status-publish","format-standard","has-post-thumbnail","hentry","category-local","category-policia","tag-puebla"],"amp_enabled":true,"_links":{"self":[{"href":"https:\/\/lahora.mx\/index.php\/wp-json\/wp\/v2\/posts\/13329","targetHints":{"allow":["GET"]}}],"collection":[{"href":"https:\/\/lahora.mx\/index.php\/wp-json\/wp\/v2\/posts"}],"about":[{"href":"https:\/\/lahora.mx\/index.php\/wp-json\/wp\/v2\/types\/post"}],"author":[{"embeddable":true,"href":"https:\/\/lahora.mx\/index.php\/wp-json\/wp\/v2\/users\/4"}],"replies":[{"embeddable":true,"href":"https:\/\/lahora.mx\/index.php\/wp-json\/wp\/v2\/comments?post=13329"}],"version-history":[{"count":1,"href":"https:\/\/lahora.mx\/index.php\/wp-json\/wp\/v2\/posts\/13329\/revisions"}],"predecessor-version":[{"id":13332,"href":"https:\/\/lahora.mx\/index.php\/wp-json\/wp\/v2\/posts\/13329\/revisions\/13332"}],"wp:featuredmedia":[{"embeddable":true,"href":"https:\/\/lahora.mx\/index.php\/wp-json\/wp\/v2\/media\/13331"}],"wp:attachment":[{"href":"https:\/\/lahora.mx\/index.php\/wp-json\/wp\/v2\/media?parent=13329"}],"wp:term":[{"taxonomy":"category","embeddable":true,"href":"https:\/\/lahora.mx\/index.php\/wp-json\/wp\/v2\/categories?post=13329"},{"taxonomy":"post_tag","embeddable":true,"href":"https:\/\/lahora.mx\/index.php\/wp-json\/wp\/v2\/tags?post=13329"}],"curies":[{"name":"wp","href":"https:\/\/api.w.org\/{rel}","templated":true}]}}