{"id":13326,"date":"2022-09-11T01:01:48","date_gmt":"2022-09-11T01:01:48","guid":{"rendered":"http:\/\/lahora.mx\/?p=13326"},"modified":"2022-09-11T01:01:49","modified_gmt":"2022-09-11T01:01:49","slug":"una-nueva-agrupacion-religiosa-en-puebla-busca-aval-de-segob","status":"publish","type":"post","link":"https:\/\/lahora.mx\/index.php\/2022\/09\/11\/una-nueva-agrupacion-religiosa-en-puebla-busca-aval-de-segob\/","title":{"rendered":"Una nueva agrupaci\u00f3n religiosa en Puebla busca aval de SEGOB"},"content":{"rendered":"\n<p>La agrupaci\u00f3n \u201cIglesia Camino Verdad y Vida Puebla\u201d present\u00f3 su solicitud para constituirse en asociaci\u00f3n religiosa, con el objeto de \u00abpredicar la palabra de Dios a toda persona y hacer de Jes\u00fas el Mes\u00edas un tema ineludible para todo el mundo\u00bb.<\/p>\n\n\n\n<p>As\u00ed lo indica un acuerdo publicado el jueves en el Diario Oficial de la Federaci\u00f3n (DOF), el cual indica que la solicitud fue presentada en la Direcci\u00f3n General de Asuntos Religiosos de la Secretar\u00eda de Gobernaci\u00f3n (SEGOB) federal para su tr\u00e1mite respectivo.<\/p>\n\n\n\n<p>El escrito se\u00f1ala que la agrupaci\u00f3n cuenta con un inmueble denominado Camino Verdad y Vida Puebla, ubicado en Calle Privada 9 Norte, n\u00famero 6609, colonia 20 de Noviembre.<\/p>\n\n\n\n<p>Se indica que contaron con las pruebas suficientes que acreditan que la agrupaci\u00f3n religiosa cuenta con notorio arraigo entre la poblaci\u00f3n.<br>El documento establece que el \u00d3rgano de Direcci\u00f3n o Administraci\u00f3n se denomina \u00abComit\u00e9 Ejecutivo Nacional\u00bb, integrado por las personas y cargos siguientes: Alma Delia Castuera Guerrero, presidenta; M\u00f3nica D\u00edaz Ruvalcaba, secretaria; y Erika L\u00f3pez Garc\u00eda, Tesorera, mientras que los ministros de culto ser\u00e1n los ciudadanos Abraham Emmanuel Celis Rojas y Jorge Antonio Rosillo Sandoval.<\/p>\n\n\n\n<p>Cabe destacar que las personas que integran esta comunidad religiosa son creyentes del Cristiano Evang\u00e9lico.<\/p>\n","protected":false},"excerpt":{"rendered":"<p>La agrupaci\u00f3n \u201cIglesia Camino Verdad y Vida Puebla\u201d present\u00f3 su solicitud para constituirse en asociaci\u00f3n religiosa, con el objeto de \u00abpredicar la palabra de Dios a toda persona y hacer de Jes\u00fas el Mes\u00edas un tema ineludible para todo el mundo\u00bb. As\u00ed lo indica un acuerdo publicado el jueves en el Diario Oficial de la [&hellip;]<\/p>\n","protected":false},"author":4,"featured_media":13327,"comment_status":"open","ping_status":"open","sticky":false,"template":"","format":"standard","meta":{"om_disable_all_campaigns":false,"_monsterinsights_skip_tracking":false,"_monsterinsights_sitenote_active":false,"_monsterinsights_sitenote_note":"","_monsterinsights_sitenote_category":0,"footnotes":""},"categories":[175],"tags":[223],"class_list":["post-13326","post","type-post","status-publish","format-standard","has-post-thumbnail","hentry","category-local","tag-puebla"],"amp_enabled":true,"_links":{"self":[{"href":"https:\/\/lahora.mx\/index.php\/wp-json\/wp\/v2\/posts\/13326","targetHints":{"allow":["GET"]}}],"collection":[{"href":"https:\/\/lahora.mx\/index.php\/wp-json\/wp\/v2\/posts"}],"about":[{"href":"https:\/\/lahora.mx\/index.php\/wp-json\/wp\/v2\/types\/post"}],"author":[{"embeddable":true,"href":"https:\/\/lahora.mx\/index.php\/wp-json\/wp\/v2\/users\/4"}],"replies":[{"embeddable":true,"href":"https:\/\/lahora.mx\/index.php\/wp-json\/wp\/v2\/comments?post=13326"}],"version-history":[{"count":1,"href":"https:\/\/lahora.mx\/index.php\/wp-json\/wp\/v2\/posts\/13326\/revisions"}],"predecessor-version":[{"id":13328,"href":"https:\/\/lahora.mx\/index.php\/wp-json\/wp\/v2\/posts\/13326\/revisions\/13328"}],"wp:featuredmedia":[{"embeddable":true,"href":"https:\/\/lahora.mx\/index.php\/wp-json\/wp\/v2\/media\/13327"}],"wp:attachment":[{"href":"https:\/\/lahora.mx\/index.php\/wp-json\/wp\/v2\/media?parent=13326"}],"wp:term":[{"taxonomy":"category","embeddable":true,"href":"https:\/\/lahora.mx\/index.php\/wp-json\/wp\/v2\/categories?post=13326"},{"taxonomy":"post_tag","embeddable":true,"href":"https:\/\/lahora.mx\/index.php\/wp-json\/wp\/v2\/tags?post=13326"}],"curies":[{"name":"wp","href":"https:\/\/api.w.org\/{rel}","templated":true}]}}