{"id":13313,"date":"2022-09-10T00:34:39","date_gmt":"2022-09-10T00:34:39","guid":{"rendered":"http:\/\/lahora.mx\/?p=13313"},"modified":"2022-09-10T00:34:40","modified_gmt":"2022-09-10T00:34:40","slug":"sin-estudiantes-asi-sera-el-desfile-del-16-de-septiembre-en-la-capital-poblana","status":"publish","type":"post","link":"https:\/\/lahora.mx\/index.php\/2022\/09\/10\/sin-estudiantes-asi-sera-el-desfile-del-16-de-septiembre-en-la-capital-poblana\/","title":{"rendered":"Sin estudiantes as\u00ed ser\u00e1 el desfile del 16 de septiembre en la capital Poblana"},"content":{"rendered":"\n<p>El gobernador Miguel Barbosa Huerta se\u00f1al\u00f3 que para el desfile del 16 de septiembre en Puebla s\u00f3lo se contar\u00e1 con la presencia de elementos militares y no habr\u00e1 contingentes de estudiantes.<\/p>\n\n\n\n<p>Indic\u00f3 que la SEDENA es la que tiene los datos de participaci\u00f3n en cuanto a elementos y esa cifra se conocer\u00e1 en el parte de novedades que se emita en el momento del inicio del recorrido.<\/p>\n\n\n\n<p>\u00ab\u2026 el 16 es un desfile militar, no van a desfilar, hasta donde ha indicado el secretario de educaci\u00f3n, estudiantes, el n\u00famero de elementos que desfilan no se conoce, cuando inicie el desfile se informa al general de divisi\u00f3n, son formatos militares y los respetamos mucho\u00bb.<\/p>\n\n\n\n<p>Cabe se\u00f1alar que nuevamente se llevar\u00e1 a cabo la ceremonia oficial del Grito de Independencia en el Palacio Municipal, y al t\u00e9rmino se realizar\u00e1 la tradicional verbena y show musical en la explanada de Casa Aguayo.<\/p>\n","protected":false},"excerpt":{"rendered":"<p>El gobernador Miguel Barbosa Huerta se\u00f1al\u00f3 que para el desfile del 16 de septiembre en Puebla s\u00f3lo se contar\u00e1 con la presencia de elementos militares y no habr\u00e1 contingentes de estudiantes. Indic\u00f3 que la SEDENA es la que tiene los datos de participaci\u00f3n en cuanto a elementos y esa cifra se conocer\u00e1 en el parte [&hellip;]<\/p>\n","protected":false},"author":4,"featured_media":13315,"comment_status":"open","ping_status":"open","sticky":false,"template":"","format":"standard","meta":{"om_disable_all_campaigns":false,"_monsterinsights_skip_tracking":false,"_monsterinsights_sitenote_active":false,"_monsterinsights_sitenote_note":"","_monsterinsights_sitenote_category":0,"footnotes":""},"categories":[175],"tags":[195,223],"class_list":["post-13313","post","type-post","status-publish","format-standard","has-post-thumbnail","hentry","category-local","tag-principal","tag-puebla"],"amp_enabled":true,"_links":{"self":[{"href":"https:\/\/lahora.mx\/index.php\/wp-json\/wp\/v2\/posts\/13313","targetHints":{"allow":["GET"]}}],"collection":[{"href":"https:\/\/lahora.mx\/index.php\/wp-json\/wp\/v2\/posts"}],"about":[{"href":"https:\/\/lahora.mx\/index.php\/wp-json\/wp\/v2\/types\/post"}],"author":[{"embeddable":true,"href":"https:\/\/lahora.mx\/index.php\/wp-json\/wp\/v2\/users\/4"}],"replies":[{"embeddable":true,"href":"https:\/\/lahora.mx\/index.php\/wp-json\/wp\/v2\/comments?post=13313"}],"version-history":[{"count":1,"href":"https:\/\/lahora.mx\/index.php\/wp-json\/wp\/v2\/posts\/13313\/revisions"}],"predecessor-version":[{"id":13316,"href":"https:\/\/lahora.mx\/index.php\/wp-json\/wp\/v2\/posts\/13313\/revisions\/13316"}],"wp:featuredmedia":[{"embeddable":true,"href":"https:\/\/lahora.mx\/index.php\/wp-json\/wp\/v2\/media\/13315"}],"wp:attachment":[{"href":"https:\/\/lahora.mx\/index.php\/wp-json\/wp\/v2\/media?parent=13313"}],"wp:term":[{"taxonomy":"category","embeddable":true,"href":"https:\/\/lahora.mx\/index.php\/wp-json\/wp\/v2\/categories?post=13313"},{"taxonomy":"post_tag","embeddable":true,"href":"https:\/\/lahora.mx\/index.php\/wp-json\/wp\/v2\/tags?post=13313"}],"curies":[{"name":"wp","href":"https:\/\/api.w.org\/{rel}","templated":true}]}}