{"id":13288,"date":"2022-09-09T22:24:45","date_gmt":"2022-09-09T22:24:45","guid":{"rendered":"http:\/\/lahora.mx\/?p=13288"},"modified":"2022-09-09T22:24:46","modified_gmt":"2022-09-09T22:24:46","slug":"huelga-en-volkswagen-se-detendra-para-renegociar-en-5-dias","status":"publish","type":"post","link":"https:\/\/lahora.mx\/index.php\/2022\/09\/09\/huelga-en-volkswagen-se-detendra-para-renegociar-en-5-dias\/","title":{"rendered":"Huelga en Volkswagen se detendr\u00e1 para renegociar en 5 d\u00edas"},"content":{"rendered":"\n<p>La huelga en Volkswagen en Puebla no estallar\u00e1 este viernes porque acord\u00f3 renegociar el aumento salarial con el sindicato cinco d\u00edas m\u00e1s, y el nuevo plazo vencer\u00e1 el 14 de septiembre.<\/p>\n\n\n\n<p>El Sindicato Independiente de Trabajadores de Volkswagen (Sitiavw) obtuvo la renegociaci\u00f3n tras la audiencia en la Ciudad de M\u00e9xico, celebrada este jueves el Tribunal Laboral Federal de Asuntos Colectivos.<\/p>\n\n\n\n<p>En un comunicado se dio a conocer que tanto el sindicato como la empresa fueron citados este viernes en la Secretar\u00eda del Trabajo y Previsi\u00f3n Social (STYPS) para continuar con las negociaciones.<br>En la audiencia la empresa se mantuvo firme con su propuesta original de un aumento del 9 por ciento directo al salario y 2 por ciento a prestaciones, aferra que fue rechazada por el sindicato en dos consultas, la primera se invalid\u00f3 por falta de participaci\u00f3n y en la segunda hubo 3 mil 450 votos en contra.<\/p>\n\n\n\n<p>En su pliego petitorio entregado desde el mes de julio, el Sitiavw solicit\u00f3 un aumento del 15.5 por ciento directo al salario y 3.5 por ciento a prestaciones, lo que daba un total de 19 por ciento de aumento en el contrato colectivo.<\/p>\n","protected":false},"excerpt":{"rendered":"<p>La huelga en Volkswagen en Puebla no estallar\u00e1 este viernes porque acord\u00f3 renegociar el aumento salarial con el sindicato cinco d\u00edas m\u00e1s, y el nuevo plazo vencer\u00e1 el 14 de septiembre. El Sindicato Independiente de Trabajadores de Volkswagen (Sitiavw) obtuvo la renegociaci\u00f3n tras la audiencia en la Ciudad de M\u00e9xico, celebrada este jueves el Tribunal [&hellip;]<\/p>\n","protected":false},"author":4,"featured_media":13289,"comment_status":"open","ping_status":"open","sticky":false,"template":"","format":"standard","meta":{"om_disable_all_campaigns":false,"_monsterinsights_skip_tracking":false,"_monsterinsights_sitenote_active":false,"_monsterinsights_sitenote_note":"","_monsterinsights_sitenote_category":0,"footnotes":""},"categories":[175],"tags":[195,223],"class_list":["post-13288","post","type-post","status-publish","format-standard","has-post-thumbnail","hentry","category-local","tag-principal","tag-puebla"],"amp_enabled":true,"_links":{"self":[{"href":"https:\/\/lahora.mx\/index.php\/wp-json\/wp\/v2\/posts\/13288","targetHints":{"allow":["GET"]}}],"collection":[{"href":"https:\/\/lahora.mx\/index.php\/wp-json\/wp\/v2\/posts"}],"about":[{"href":"https:\/\/lahora.mx\/index.php\/wp-json\/wp\/v2\/types\/post"}],"author":[{"embeddable":true,"href":"https:\/\/lahora.mx\/index.php\/wp-json\/wp\/v2\/users\/4"}],"replies":[{"embeddable":true,"href":"https:\/\/lahora.mx\/index.php\/wp-json\/wp\/v2\/comments?post=13288"}],"version-history":[{"count":1,"href":"https:\/\/lahora.mx\/index.php\/wp-json\/wp\/v2\/posts\/13288\/revisions"}],"predecessor-version":[{"id":13290,"href":"https:\/\/lahora.mx\/index.php\/wp-json\/wp\/v2\/posts\/13288\/revisions\/13290"}],"wp:featuredmedia":[{"embeddable":true,"href":"https:\/\/lahora.mx\/index.php\/wp-json\/wp\/v2\/media\/13289"}],"wp:attachment":[{"href":"https:\/\/lahora.mx\/index.php\/wp-json\/wp\/v2\/media?parent=13288"}],"wp:term":[{"taxonomy":"category","embeddable":true,"href":"https:\/\/lahora.mx\/index.php\/wp-json\/wp\/v2\/categories?post=13288"},{"taxonomy":"post_tag","embeddable":true,"href":"https:\/\/lahora.mx\/index.php\/wp-json\/wp\/v2\/tags?post=13288"}],"curies":[{"name":"wp","href":"https:\/\/api.w.org\/{rel}","templated":true}]}}