{"id":1328,"date":"2022-01-09T03:19:44","date_gmt":"2022-01-09T03:19:44","guid":{"rendered":"http:\/\/lahora.mx\/?p=1328"},"modified":"2022-01-09T03:21:03","modified_gmt":"2022-01-09T03:21:03","slug":"desaparece-liliana-en-un-didi-familia-la-sigue-buscando","status":"publish","type":"post","link":"https:\/\/lahora.mx\/index.php\/2022\/01\/09\/desaparece-liliana-en-un-didi-familia-la-sigue-buscando\/","title":{"rendered":"\u00a1Desaparece Liliana en un Didi!, familia la sigue buscando."},"content":{"rendered":"<p>Este s\u00e1bado amigos y familiares de <strong>Liliana Lozada De Jes\u00fas<\/strong> marcharon en la ciudad de <strong>Puebla<\/strong> para exigir a autoridades la localizaci\u00f3n de la joven que desapareci\u00f3 el 3 de enero, luego de abordar una unidad de la plataforma\u00a0<strong>Didi.\u00a0<\/strong><\/p>\n<p>Familiares de la joven de 33 a\u00f1os se reunieron <strong>\u00a0<\/strong>alrededor de las 2:00 de la tarde, en la <strong>Avenida Ju\u00e1rez<\/strong>\u00a0y la\u00a0<strong>19 Sur<\/strong>, para emprender su camino hacia la <strong>Fiscal\u00eda General del Estado<\/strong>.<\/p>\n<blockquote><p>No vamos a descansar hasta que te encontremos y regreses a casa<\/p><\/blockquote>\n<p>Se le\u00eda en los carteles que portaban las y los manifestantes. Como parte de la protesta, el contingente hizo una parada en el <strong>\u00c1rbol de la Esperanza <\/strong>en el z\u00f3calo de la ciudad, en donde est\u00e1n las fotograf\u00edas de todas las personas desaparecidas y buscadas por el colectivo La Voz de los Desaparecidos.<\/p>\n<div style=\"width: 740px;\" class=\"wp-video\"><video class=\"wp-video-shortcode\" id=\"video-1328-1\" width=\"740\" height=\"416\" preload=\"metadata\" controls=\"controls\"><source type=\"video\/mp4\" src=\"https:\/\/lahora.mx\/wp-content\/uploads\/2022\/01\/Liliana.mp4?_=1\" \/><a href=\"https:\/\/lahora.mx\/wp-content\/uploads\/2022\/01\/Liliana.mp4\">https:\/\/lahora.mx\/wp-content\/uploads\/2022\/01\/Liliana.mp4<\/a><\/video><\/div>\n<p>&nbsp;<\/p>\n<p>Los familiares de Liliana acudieron a la Fiscal\u00eda General del Estado el 4 de enero para presentar la <strong>denuncia de su desaparici\u00f3n<\/strong>.<\/p>\n<p>La madre de la joven, <strong>Teresa de Jes\u00fas<\/strong> relato que su hija desapareci\u00f3 el 3 de enero alrededor de las 10:30 de la ma\u00f1ana, despu\u00e9s de abordar un <strong>Didi <\/strong>con direcci\u00f3n a Atlixco<strong>,\u00a0<\/strong>a donde ir\u00eda a trabajar.<\/p>\n<p>Algunas se\u00f1as particulares de Liliana es que tiene un tatuaje de una\u00a0<strong>calavera con una diadema de flores en la pierna derecha<\/strong>, adem\u00e1s de un coraz\u00f3n en el hombro izquierdo, mide un metro con 62 cent\u00edmetros y es de complexi\u00f3n delgada.<\/p>\n","protected":false},"excerpt":{"rendered":"<p>Este s\u00e1bado amigos y familiares de Liliana Lozada De Jes\u00fas marcharon en la ciudad de Puebla para exigir a autoridades la localizaci\u00f3n de la joven que desapareci\u00f3 el 3 de enero, luego de abordar una unidad de la plataforma\u00a0Didi.\u00a0 Familiares de la joven de 33 a\u00f1os se reunieron \u00a0alrededor de las 2:00 de la tarde, [&hellip;]<\/p>\n","protected":false},"author":5,"featured_media":1330,"comment_status":"open","ping_status":"open","sticky":false,"template":"","format":"standard","meta":{"om_disable_all_campaigns":false,"_monsterinsights_skip_tracking":false,"_monsterinsights_sitenote_active":false,"_monsterinsights_sitenote_note":"","_monsterinsights_sitenote_category":0,"footnotes":""},"categories":[175],"tags":[195],"class_list":["post-1328","post","type-post","status-publish","format-standard","has-post-thumbnail","hentry","category-local","tag-principal"],"amp_enabled":true,"_links":{"self":[{"href":"https:\/\/lahora.mx\/index.php\/wp-json\/wp\/v2\/posts\/1328","targetHints":{"allow":["GET"]}}],"collection":[{"href":"https:\/\/lahora.mx\/index.php\/wp-json\/wp\/v2\/posts"}],"about":[{"href":"https:\/\/lahora.mx\/index.php\/wp-json\/wp\/v2\/types\/post"}],"author":[{"embeddable":true,"href":"https:\/\/lahora.mx\/index.php\/wp-json\/wp\/v2\/users\/5"}],"replies":[{"embeddable":true,"href":"https:\/\/lahora.mx\/index.php\/wp-json\/wp\/v2\/comments?post=1328"}],"version-history":[{"count":2,"href":"https:\/\/lahora.mx\/index.php\/wp-json\/wp\/v2\/posts\/1328\/revisions"}],"predecessor-version":[{"id":1332,"href":"https:\/\/lahora.mx\/index.php\/wp-json\/wp\/v2\/posts\/1328\/revisions\/1332"}],"wp:featuredmedia":[{"embeddable":true,"href":"https:\/\/lahora.mx\/index.php\/wp-json\/wp\/v2\/media\/1330"}],"wp:attachment":[{"href":"https:\/\/lahora.mx\/index.php\/wp-json\/wp\/v2\/media?parent=1328"}],"wp:term":[{"taxonomy":"category","embeddable":true,"href":"https:\/\/lahora.mx\/index.php\/wp-json\/wp\/v2\/categories?post=1328"},{"taxonomy":"post_tag","embeddable":true,"href":"https:\/\/lahora.mx\/index.php\/wp-json\/wp\/v2\/tags?post=1328"}],"curies":[{"name":"wp","href":"https:\/\/api.w.org\/{rel}","templated":true}]}}