{"id":13147,"date":"2022-09-08T22:35:56","date_gmt":"2022-09-08T22:35:56","guid":{"rendered":"http:\/\/lahora.mx\/?p=13147"},"modified":"2022-09-08T22:35:56","modified_gmt":"2022-09-08T22:35:56","slug":"comision-del-congreso-del-estado-da-respuesta-a-oficio-emitido-por-la-cndh","status":"publish","type":"post","link":"https:\/\/lahora.mx\/index.php\/2022\/09\/08\/comision-del-congreso-del-estado-da-respuesta-a-oficio-emitido-por-la-cndh\/","title":{"rendered":"Comisi\u00f3n del Congreso del Estado da respuesta a oficio emitido por la CNDH"},"content":{"rendered":"\n<p>La Comisi\u00f3n de Derechos Humanos de la LXI Legislatura del Congreso del Estado, que preside la diputada Karla Rodr\u00edguez Palacios dio respuesta al oficio enviado por la Comisi\u00f3n Nacional de los Derechos Humanos (CNDH), para la aplicaci\u00f3n de pol\u00edticas p\u00fablicas para la prevenci\u00f3n, atenci\u00f3n, sanci\u00f3n y reparaci\u00f3n integral del da\u00f1o a personas v\u00edctimas de violencia, como es el feminicidio.<\/p>\n\n\n\n<p>En este sentido, la presidenta del \u00f3rgano colegiado se\u00f1al\u00f3 que la violencia de g\u00e9nero, en todas sus modalidades y contextos, vulneran el goce y ejercicio pleno de los derechos humanos, de ah\u00ed la necesidad de atenderlo; por lo que las y los integrantes de la Comisi\u00f3n refrendaron el compromiso para trabajar en acciones legislativas para lograr que los derechos humanos sean una realidad para todas y todos los poblanos.<\/p>\n\n\n\n<p>Para este fin, las y los integrantes de la Comisi\u00f3n de Derechos Humanos acordaron que el director general de Asuntos Jur\u00eddicos del Congreso del Estado, Gilberto Ram\u00f3n Navarro Jim\u00e9nez fungir\u00e1 como enlace entre la CNDH y los \u00f3rganos legislativos.<\/p>\n\n\n\n<p>As\u00ed como informar a la Comisi\u00f3n Nacional de Derechos Humanos que se llevar\u00e1n a cabo sesiones subsecuentes que tendr\u00e1n como prop\u00f3sito el desahogo de los puntos para el cumplimiento de la recomendaci\u00f3n.<\/p>\n\n\n\n<p>A la sesi\u00f3n de la Comisi\u00f3n de Derechos Humanos asistieron las y los diputados, Karla Rodr\u00edguez Palacios, Norma Sirley Reyes Cabrera, Ruth Z\u00e1rate Dom\u00ednguez, Oswaldo Jim\u00e9nez L\u00f3pez, Carlos Navarro Corro y Fernando S\u00e1nchez Sasia.<\/p>\n","protected":false},"excerpt":{"rendered":"<p>La Comisi\u00f3n de Derechos Humanos de la LXI Legislatura del Congreso del Estado, que preside la diputada Karla Rodr\u00edguez Palacios dio respuesta al oficio enviado por la Comisi\u00f3n Nacional de los Derechos Humanos (CNDH), para la aplicaci\u00f3n de pol\u00edticas p\u00fablicas para la prevenci\u00f3n, atenci\u00f3n, sanci\u00f3n y reparaci\u00f3n integral del da\u00f1o a personas v\u00edctimas de violencia, [&hellip;]<\/p>\n","protected":false},"author":4,"featured_media":13148,"comment_status":"open","ping_status":"open","sticky":false,"template":"","format":"standard","meta":{"om_disable_all_campaigns":false,"_monsterinsights_skip_tracking":false,"_monsterinsights_sitenote_active":false,"_monsterinsights_sitenote_note":"","_monsterinsights_sitenote_category":0,"footnotes":""},"categories":[175],"tags":[227,223],"class_list":["post-13147","post","type-post","status-publish","format-standard","has-post-thumbnail","hentry","category-local","tag-congreso","tag-puebla"],"amp_enabled":true,"_links":{"self":[{"href":"https:\/\/lahora.mx\/index.php\/wp-json\/wp\/v2\/posts\/13147","targetHints":{"allow":["GET"]}}],"collection":[{"href":"https:\/\/lahora.mx\/index.php\/wp-json\/wp\/v2\/posts"}],"about":[{"href":"https:\/\/lahora.mx\/index.php\/wp-json\/wp\/v2\/types\/post"}],"author":[{"embeddable":true,"href":"https:\/\/lahora.mx\/index.php\/wp-json\/wp\/v2\/users\/4"}],"replies":[{"embeddable":true,"href":"https:\/\/lahora.mx\/index.php\/wp-json\/wp\/v2\/comments?post=13147"}],"version-history":[{"count":2,"href":"https:\/\/lahora.mx\/index.php\/wp-json\/wp\/v2\/posts\/13147\/revisions"}],"predecessor-version":[{"id":14362,"href":"https:\/\/lahora.mx\/index.php\/wp-json\/wp\/v2\/posts\/13147\/revisions\/14362"}],"wp:featuredmedia":[{"embeddable":true,"href":"https:\/\/lahora.mx\/index.php\/wp-json\/wp\/v2\/media\/13148"}],"wp:attachment":[{"href":"https:\/\/lahora.mx\/index.php\/wp-json\/wp\/v2\/media?parent=13147"}],"wp:term":[{"taxonomy":"category","embeddable":true,"href":"https:\/\/lahora.mx\/index.php\/wp-json\/wp\/v2\/categories?post=13147"},{"taxonomy":"post_tag","embeddable":true,"href":"https:\/\/lahora.mx\/index.php\/wp-json\/wp\/v2\/tags?post=13147"}],"curies":[{"name":"wp","href":"https:\/\/api.w.org\/{rel}","templated":true}]}}