{"id":13143,"date":"2022-09-08T21:54:03","date_gmt":"2022-09-08T21:54:03","guid":{"rendered":"http:\/\/lahora.mx\/?p=13143"},"modified":"2022-09-08T21:54:04","modified_gmt":"2022-09-08T21:54:04","slug":"la-posible-eliminacion-de-la-prision-preventiva-es-de-preocupar-miguel-barbosa","status":"publish","type":"post","link":"https:\/\/lahora.mx\/index.php\/2022\/09\/08\/la-posible-eliminacion-de-la-prision-preventiva-es-de-preocupar-miguel-barbosa\/","title":{"rendered":"La posible eliminaci\u00f3n de la prisi\u00f3n preventiva es de preocupar: Miguel Barbosa"},"content":{"rendered":"\n<p>El gobernador Miguel Barbosa calific\u00f3 de m\u00e1xima preocupaci\u00f3n la posible eliminaci\u00f3n de la prisi\u00f3n preventiva oficiosa ya que aun es real y fuerta la colusi\u00f3n entre jueces, delincuentes y polic\u00edas.<\/p>\n\n\n\n<p>Coment\u00f3 que ante la posibilidad de que se elimine esta figura, muchos abogados se est\u00e1n frotando las manos para iniciar procesos que permitan a muchos delincuentes quedar en libertad.<\/p>\n\n\n\n<p>Indic\u00f3 que es err\u00f3neo pensar en la instalaci\u00f3n de un modelo como en otras partes del mundo, donde la persona acusada se deja libre, se readapta y se analiza si al final se queda detenido o paga una fianza y queda libre.<\/p>\n\n\n\n<p>Barbosa Huerta dijo que conf\u00eda en que la prisi\u00f3n preventiva oficiosa se mantenga pero quedar\u00e1 con el aspecto que ser\u00e1 a criterio de los jueces, \u00ab\u2026 por lo que depender\u00e1 mucho de un sistema de justicia y poder judicial que funcione limpiamente, hoy su actuar no nos satisface, tiene que haber reformas al sistema de justicia para que el Poder Judicial funcione mejor\u00bb, concluy\u00f3.<\/p>\n","protected":false},"excerpt":{"rendered":"<p>El gobernador Miguel Barbosa calific\u00f3 de m\u00e1xima preocupaci\u00f3n la posible eliminaci\u00f3n de la prisi\u00f3n preventiva oficiosa ya que aun es real y fuerta la colusi\u00f3n entre jueces, delincuentes y polic\u00edas. Coment\u00f3 que ante la posibilidad de que se elimine esta figura, muchos abogados se est\u00e1n frotando las manos para iniciar procesos que permitan a muchos [&hellip;]<\/p>\n","protected":false},"author":4,"featured_media":13145,"comment_status":"open","ping_status":"open","sticky":false,"template":"","format":"standard","meta":{"om_disable_all_campaigns":false,"_monsterinsights_skip_tracking":false,"_monsterinsights_sitenote_active":false,"_monsterinsights_sitenote_note":"","_monsterinsights_sitenote_category":0,"footnotes":""},"categories":[175],"tags":[223],"class_list":["post-13143","post","type-post","status-publish","format-standard","has-post-thumbnail","hentry","category-local","tag-puebla"],"amp_enabled":true,"_links":{"self":[{"href":"https:\/\/lahora.mx\/index.php\/wp-json\/wp\/v2\/posts\/13143","targetHints":{"allow":["GET"]}}],"collection":[{"href":"https:\/\/lahora.mx\/index.php\/wp-json\/wp\/v2\/posts"}],"about":[{"href":"https:\/\/lahora.mx\/index.php\/wp-json\/wp\/v2\/types\/post"}],"author":[{"embeddable":true,"href":"https:\/\/lahora.mx\/index.php\/wp-json\/wp\/v2\/users\/4"}],"replies":[{"embeddable":true,"href":"https:\/\/lahora.mx\/index.php\/wp-json\/wp\/v2\/comments?post=13143"}],"version-history":[{"count":1,"href":"https:\/\/lahora.mx\/index.php\/wp-json\/wp\/v2\/posts\/13143\/revisions"}],"predecessor-version":[{"id":13146,"href":"https:\/\/lahora.mx\/index.php\/wp-json\/wp\/v2\/posts\/13143\/revisions\/13146"}],"wp:featuredmedia":[{"embeddable":true,"href":"https:\/\/lahora.mx\/index.php\/wp-json\/wp\/v2\/media\/13145"}],"wp:attachment":[{"href":"https:\/\/lahora.mx\/index.php\/wp-json\/wp\/v2\/media?parent=13143"}],"wp:term":[{"taxonomy":"category","embeddable":true,"href":"https:\/\/lahora.mx\/index.php\/wp-json\/wp\/v2\/categories?post=13143"},{"taxonomy":"post_tag","embeddable":true,"href":"https:\/\/lahora.mx\/index.php\/wp-json\/wp\/v2\/tags?post=13143"}],"curies":[{"name":"wp","href":"https:\/\/api.w.org\/{rel}","templated":true}]}}