{"id":13140,"date":"2022-09-08T21:47:23","date_gmt":"2022-09-08T21:47:23","guid":{"rendered":"http:\/\/lahora.mx\/?p=13140"},"modified":"2022-09-08T21:47:24","modified_gmt":"2022-09-08T21:47:24","slug":"gobierno-estatal-propone-ahora-concesionar-el-estacionamiento-del-estadio-cuauhtemoc","status":"publish","type":"post","link":"https:\/\/lahora.mx\/index.php\/2022\/09\/08\/gobierno-estatal-propone-ahora-concesionar-el-estacionamiento-del-estadio-cuauhtemoc\/","title":{"rendered":"Gobierno estatal propone ahora concesionar el estacionamiento del estadio Cuauht\u00e9moc"},"content":{"rendered":"\n<p>El mandatario estatal, Miguel Barbosa Huerta se\u00f1al\u00f3 que la concesi\u00f3n del estadio Cuauht\u00e9moc se ampliar\u00e1 al servicio del estacionamiento.<\/p>\n\n\n\n<p>Indic\u00f3 que a\u00fan cuando no se requiere que esta decisi\u00f3n pase por una aprobaci\u00f3n del Congreso del Estado, se har\u00e1 de esa manera porque es importante que emita su opini\u00f3n al respecto.<\/p>\n\n\n\n<p>\u00ab\u2026 queremos que esa concesi\u00f3n pueda incluir tambi\u00e9n el manejo del estacionamiento, no para que sea gratuito, sino para que se pueda regular en los alrededores y no sea s\u00f3lo una organizaci\u00f3n -la 28 de octubre- la que se encargue de cobrar, \u00bfa honra de qu\u00e9?\u00bb, dijo.<\/p>\n\n\n\n<p>Coment\u00f3 que es una muestra de las formas que hab\u00eda de crear beneficios para que el gobierno recibiera favores, \u00ab\u2026 te lo doy para que sirvas hasta de grupo de choque, con nosotros no\u00bb, concluy\u00f3.<\/p>\n\n\n\n<p>Cabe se\u00f1alar que la noche de este mi\u00e9rcoles, tras el juego entre Club Puebla y Pachuca, un ciudadano report\u00f3 el robo de su unidad del mismo estacionamiento del coloso de la colonia Maravillas.<\/p>\n","protected":false},"excerpt":{"rendered":"<p>El mandatario estatal, Miguel Barbosa Huerta se\u00f1al\u00f3 que la concesi\u00f3n del estadio Cuauht\u00e9moc se ampliar\u00e1 al servicio del estacionamiento. Indic\u00f3 que a\u00fan cuando no se requiere que esta decisi\u00f3n pase por una aprobaci\u00f3n del Congreso del Estado, se har\u00e1 de esa manera porque es importante que emita su opini\u00f3n al respecto. \u00ab\u2026 queremos que esa [&hellip;]<\/p>\n","protected":false},"author":4,"featured_media":13141,"comment_status":"open","ping_status":"open","sticky":false,"template":"","format":"standard","meta":{"om_disable_all_campaigns":false,"_monsterinsights_skip_tracking":false,"_monsterinsights_sitenote_active":false,"_monsterinsights_sitenote_note":"","_monsterinsights_sitenote_category":0,"footnotes":""},"categories":[175],"tags":[223],"class_list":["post-13140","post","type-post","status-publish","format-standard","has-post-thumbnail","hentry","category-local","tag-puebla"],"amp_enabled":true,"_links":{"self":[{"href":"https:\/\/lahora.mx\/index.php\/wp-json\/wp\/v2\/posts\/13140","targetHints":{"allow":["GET"]}}],"collection":[{"href":"https:\/\/lahora.mx\/index.php\/wp-json\/wp\/v2\/posts"}],"about":[{"href":"https:\/\/lahora.mx\/index.php\/wp-json\/wp\/v2\/types\/post"}],"author":[{"embeddable":true,"href":"https:\/\/lahora.mx\/index.php\/wp-json\/wp\/v2\/users\/4"}],"replies":[{"embeddable":true,"href":"https:\/\/lahora.mx\/index.php\/wp-json\/wp\/v2\/comments?post=13140"}],"version-history":[{"count":1,"href":"https:\/\/lahora.mx\/index.php\/wp-json\/wp\/v2\/posts\/13140\/revisions"}],"predecessor-version":[{"id":13142,"href":"https:\/\/lahora.mx\/index.php\/wp-json\/wp\/v2\/posts\/13140\/revisions\/13142"}],"wp:featuredmedia":[{"embeddable":true,"href":"https:\/\/lahora.mx\/index.php\/wp-json\/wp\/v2\/media\/13141"}],"wp:attachment":[{"href":"https:\/\/lahora.mx\/index.php\/wp-json\/wp\/v2\/media?parent=13140"}],"wp:term":[{"taxonomy":"category","embeddable":true,"href":"https:\/\/lahora.mx\/index.php\/wp-json\/wp\/v2\/categories?post=13140"},{"taxonomy":"post_tag","embeddable":true,"href":"https:\/\/lahora.mx\/index.php\/wp-json\/wp\/v2\/tags?post=13140"}],"curies":[{"name":"wp","href":"https:\/\/api.w.org\/{rel}","templated":true}]}}