{"id":13137,"date":"2022-09-08T21:41:45","date_gmt":"2022-09-08T21:41:45","guid":{"rendered":"http:\/\/lahora.mx\/?p=13137"},"modified":"2022-09-08T21:41:46","modified_gmt":"2022-09-08T21:41:46","slug":"es-detenido-implicado-en-linchamiento-de-un-abogado-en-huauchinango","status":"publish","type":"post","link":"https:\/\/lahora.mx\/index.php\/2022\/09\/08\/es-detenido-implicado-en-linchamiento-de-un-abogado-en-huauchinango\/","title":{"rendered":"Es detenido implicado en linchamiento de un abogado en Huauchinango"},"content":{"rendered":"\n<p>La Fiscal\u00eda General del Estado de Puebla logr\u00f3 la aprehensi\u00f3n y vinculaci\u00f3n a proceso de Samuel N. presunto implicado en la privaci\u00f3n de la vida de un joven abogado en la comunidad de Papatlazolco, Huauchinango.<\/p>\n\n\n\n<p>Derivado de actos de investigaci\u00f3n la Fiscal\u00eda de Puebla estableci\u00f3 la posible participaci\u00f3n del hoy imputado en el hecho ocurrido el 10 de junio de 2022 en la explanada de la cancha de basquetbol de la localidad donde golpearon y prendieron fuego al occiso ocasionando su fallecimiento.<\/p>\n\n\n\n<p>Por lo anterior, Agentes Investigadores dieron cumplimiento a la orden de aprehensi\u00f3n en su contra el 4 de septiembre de 2022.<\/p>\n\n\n\n<p>Con los datos probatorios aportados en audiencia, la Fiscal\u00eda de Investigaci\u00f3n Regional consigui\u00f3 la vinculaci\u00f3n a proceso de Samuel N. por el delito de homicidio calificado, raz\u00f3n por la que permanecer\u00e1 en prisi\u00f3n preventiva oficiosa como medida cautelar.<\/p>\n\n\n\n<p>Respecto al caso que contin\u00faa bajo investigaci\u00f3n, suman 10 personas detenidas y vinculadas a proceso.<\/p>\n","protected":false},"excerpt":{"rendered":"<p>La Fiscal\u00eda General del Estado de Puebla logr\u00f3 la aprehensi\u00f3n y vinculaci\u00f3n a proceso de Samuel N. presunto implicado en la privaci\u00f3n de la vida de un joven abogado en la comunidad de Papatlazolco, Huauchinango. Derivado de actos de investigaci\u00f3n la Fiscal\u00eda de Puebla estableci\u00f3 la posible participaci\u00f3n del hoy imputado en el hecho ocurrido [&hellip;]<\/p>\n","protected":false},"author":4,"featured_media":13138,"comment_status":"open","ping_status":"open","sticky":false,"template":"","format":"standard","meta":{"om_disable_all_campaigns":false,"_monsterinsights_skip_tracking":false,"_monsterinsights_sitenote_active":false,"_monsterinsights_sitenote_note":"","_monsterinsights_sitenote_category":0,"footnotes":""},"categories":[175],"tags":[223],"class_list":["post-13137","post","type-post","status-publish","format-standard","has-post-thumbnail","hentry","category-local","tag-puebla"],"amp_enabled":true,"_links":{"self":[{"href":"https:\/\/lahora.mx\/index.php\/wp-json\/wp\/v2\/posts\/13137","targetHints":{"allow":["GET"]}}],"collection":[{"href":"https:\/\/lahora.mx\/index.php\/wp-json\/wp\/v2\/posts"}],"about":[{"href":"https:\/\/lahora.mx\/index.php\/wp-json\/wp\/v2\/types\/post"}],"author":[{"embeddable":true,"href":"https:\/\/lahora.mx\/index.php\/wp-json\/wp\/v2\/users\/4"}],"replies":[{"embeddable":true,"href":"https:\/\/lahora.mx\/index.php\/wp-json\/wp\/v2\/comments?post=13137"}],"version-history":[{"count":1,"href":"https:\/\/lahora.mx\/index.php\/wp-json\/wp\/v2\/posts\/13137\/revisions"}],"predecessor-version":[{"id":13139,"href":"https:\/\/lahora.mx\/index.php\/wp-json\/wp\/v2\/posts\/13137\/revisions\/13139"}],"wp:featuredmedia":[{"embeddable":true,"href":"https:\/\/lahora.mx\/index.php\/wp-json\/wp\/v2\/media\/13138"}],"wp:attachment":[{"href":"https:\/\/lahora.mx\/index.php\/wp-json\/wp\/v2\/media?parent=13137"}],"wp:term":[{"taxonomy":"category","embeddable":true,"href":"https:\/\/lahora.mx\/index.php\/wp-json\/wp\/v2\/categories?post=13137"},{"taxonomy":"post_tag","embeddable":true,"href":"https:\/\/lahora.mx\/index.php\/wp-json\/wp\/v2\/tags?post=13137"}],"curies":[{"name":"wp","href":"https:\/\/api.w.org\/{rel}","templated":true}]}}