{"id":13127,"date":"2022-09-08T16:38:02","date_gmt":"2022-09-08T16:38:02","guid":{"rendered":"http:\/\/lahora.mx\/?p=13127"},"modified":"2022-09-08T16:38:20","modified_gmt":"2022-09-08T16:38:20","slug":"termina-en-el-hospital-tras-golpes-en-su-primer-dia-de-clases","status":"publish","type":"post","link":"https:\/\/lahora.mx\/index.php\/2022\/09\/08\/termina-en-el-hospital-tras-golpes-en-su-primer-dia-de-clases\/","title":{"rendered":"Termina en el hospital tras golpes en su primer d\u00eda de clases"},"content":{"rendered":"\n<p>Un ni\u00f1o de 6 a\u00f1os, que acudi\u00f3 a su primer d\u00eda de clases en la escuela primaria \u201cFrancisco I. Madero\u201d de la comunidad de Tzitla, en el municipio de Chignahuapan, recibi\u00f3 una golpiza por parte de otros menores al interior del plantel educativo.<\/p>\n\n\n\n<p>El menor agredido, identificado como Samuel N., tuvo que ser ingresado al hospital rural del Instituto Mexicano del Seguro Social, ubicado en Chignahuapan, luego de que presentara dolor abdominal, por lo que los m\u00e9dicos tuvieron que realizarle una laparotom\u00eda, que es una cirug\u00eda abdominal para identificar posibles da\u00f1os internos.<br>Por las lesiones que presentaba y las declaraciones que el menor dio a los m\u00e9dicos, explic\u00e1ndoles que sus compa\u00f1eros de tercer grado lo hab\u00edan golpeado con los pu\u00f1os y patadas, el hospital emiti\u00f3 un reporte al ministerio p\u00fablico para dar parte de los hechos y se estableciera un antecedente y la posible investigaci\u00f3n y deslinde de responsabilidades.<\/p>\n\n\n\n<p>En redes sociales, padres de familia y ciudadanos piden justicia para Samuel y llamaron a las autoridades educativas y ministeriales a realizar una investigaci\u00f3n a detalle para sancionar a los responsables, sin descartar que se presenten cargos contra los directivos y profesores de la escuela, as\u00ed como contra los padres de los menores agresores.<\/p>\n","protected":false},"excerpt":{"rendered":"<p>Un ni\u00f1o de 6 a\u00f1os, que acudi\u00f3 a su primer d\u00eda de clases en la escuela primaria \u201cFrancisco I. Madero\u201d de la comunidad de Tzitla, en el municipio de Chignahuapan, recibi\u00f3 una golpiza por parte de otros menores al interior del plantel educativo. El menor agredido, identificado como Samuel N., tuvo que ser ingresado al [&hellip;]<\/p>\n","protected":false},"author":4,"featured_media":13129,"comment_status":"open","ping_status":"open","sticky":false,"template":"","format":"standard","meta":{"om_disable_all_campaigns":false,"_monsterinsights_skip_tracking":false,"_monsterinsights_sitenote_active":false,"_monsterinsights_sitenote_note":"","_monsterinsights_sitenote_category":0,"footnotes":""},"categories":[175],"tags":[],"class_list":["post-13127","post","type-post","status-publish","format-standard","has-post-thumbnail","hentry","category-local"],"amp_enabled":true,"_links":{"self":[{"href":"https:\/\/lahora.mx\/index.php\/wp-json\/wp\/v2\/posts\/13127","targetHints":{"allow":["GET"]}}],"collection":[{"href":"https:\/\/lahora.mx\/index.php\/wp-json\/wp\/v2\/posts"}],"about":[{"href":"https:\/\/lahora.mx\/index.php\/wp-json\/wp\/v2\/types\/post"}],"author":[{"embeddable":true,"href":"https:\/\/lahora.mx\/index.php\/wp-json\/wp\/v2\/users\/4"}],"replies":[{"embeddable":true,"href":"https:\/\/lahora.mx\/index.php\/wp-json\/wp\/v2\/comments?post=13127"}],"version-history":[{"count":1,"href":"https:\/\/lahora.mx\/index.php\/wp-json\/wp\/v2\/posts\/13127\/revisions"}],"predecessor-version":[{"id":13130,"href":"https:\/\/lahora.mx\/index.php\/wp-json\/wp\/v2\/posts\/13127\/revisions\/13130"}],"wp:featuredmedia":[{"embeddable":true,"href":"https:\/\/lahora.mx\/index.php\/wp-json\/wp\/v2\/media\/13129"}],"wp:attachment":[{"href":"https:\/\/lahora.mx\/index.php\/wp-json\/wp\/v2\/media?parent=13127"}],"wp:term":[{"taxonomy":"category","embeddable":true,"href":"https:\/\/lahora.mx\/index.php\/wp-json\/wp\/v2\/categories?post=13127"},{"taxonomy":"post_tag","embeddable":true,"href":"https:\/\/lahora.mx\/index.php\/wp-json\/wp\/v2\/tags?post=13127"}],"curies":[{"name":"wp","href":"https:\/\/api.w.org\/{rel}","templated":true}]}}