{"id":13104,"date":"2022-09-08T15:07:13","date_gmt":"2022-09-08T15:07:13","guid":{"rendered":"http:\/\/lahora.mx\/?p=13104"},"modified":"2022-09-08T15:07:14","modified_gmt":"2022-09-08T15:07:14","slug":"la-inflacion-alcanza-el-8-70-en-el-mes-agosto-en-mexico","status":"publish","type":"post","link":"https:\/\/lahora.mx\/index.php\/2022\/09\/08\/la-inflacion-alcanza-el-8-70-en-el-mes-agosto-en-mexico\/","title":{"rendered":"La inflaci\u00f3n alcanza el 8.70% en el mes agosto en M\u00e9xico"},"content":{"rendered":"\n<p>La inflaci\u00f3n sigue aumentando y en agosto se ubic\u00f3 en 8.70% a tasa anual al presentar el \u00cdndice Nacional de Precios al Consumidor (INPC) una variaci\u00f3n mensual del 0.70%, inform\u00f3 Instituto Nacional de Estad\u00edstica y Geograf\u00eda (Inegi).<\/p>\n\n\n\n<p>El Inegi indic\u00f3 que en el mismo mes, pero de 2021 el INPC tuvo un incremento de 0.19% y la inflaci\u00f3n anual se ubic\u00f3 en 5.59%.<\/p>\n\n\n\n<p>Te recomendamos: El fisco recupera 61.6 mil mdp por adeudos estatales<\/p>\n\n\n\n<p>Entre los productos que influyeron en la inflaci\u00f3n al registrar variaci\u00f3n de precios fueron:<\/p>\n\n\n\n<p>Cebolla, con 54.41% de variaci\u00f3n mensual<br>Loncher\u00edas y fondas con el 1.20%<br>Tortilla de ma\u00edz con 2.41%<br>Papa y otros tub\u00e9rculos con 6.38%<br>Vivienda propia con 0.28%<br>Refrescos envasados con 1.19%<br>Restaurantes y similares con 0.75%<br>Pan dulce con 2.24%<br>Naranja con 8.47%<br>Otros alimentos cocinados con 1.89%<br><\/p>\n\n\n\n<p>En tanto, otros productos en ese mes registraron una baja en sus precios como el aguacate con una reducci\u00f3n del 16.07%; el pollo con una disminuci\u00f3n del 3.16%, el chayote, con una baja del 24.51%; el transporte a\u00e9reo con una reducci\u00f3n del15.43%, entre otros.<\/p>\n\n\n\n<p>En tanto, el \u00edndice de precios subyacente report\u00f3 un alza de 0.80% mensual y de 8.05% anual, mientras que el \u00edndice de precios no subyacente aument\u00f3 0.39% a tasa mensual y 10.65% a tasa anual.<\/p>\n\n\n\n<p>Al interior del \u00edndice de precios subyacente los precios de las mercanc\u00edas aumentaron 1.14% y los de servicios 0.39%.<\/p>\n\n\n\n<p>En tanto, en el \u00edndice no subyacente se registr\u00f3 un aumento del 0.98% en los precios de los productos agropecuarios, mientras que los de energ\u00e9ticos y tarifas autorizadas por el gobierno disminuyeron 0.11%.<\/p>\n\n\n\n<p>El presidente Andr\u00e9s Manuel L\u00f3pez Obrador anticip\u00f3 en su conferencia de ayer que la inflaci\u00f3n aumentar\u00eda, pero dijo que ya se est\u00e1 trabajando en reforzar ale plan antiinflacionario para atacar este problema.<\/p>\n\n\n\n<p>Reconoci\u00f3 que su principal preocupaci\u00f3n es el aumento en el precio de la tortilla, el cual impacta en el bolsillo de los ciudadanos, por lo que se dialogar\u00e1 con los dos principales productores para atender este problema.<\/p>\n","protected":false},"excerpt":{"rendered":"<p>La inflaci\u00f3n sigue aumentando y en agosto se ubic\u00f3 en 8.70% a tasa anual al presentar el \u00cdndice Nacional de Precios al Consumidor (INPC) una variaci\u00f3n mensual del 0.70%, inform\u00f3 Instituto Nacional de Estad\u00edstica y Geograf\u00eda (Inegi). El Inegi indic\u00f3 que en el mismo mes, pero de 2021 el INPC tuvo un incremento de 0.19% [&hellip;]<\/p>\n","protected":false},"author":4,"featured_media":13105,"comment_status":"open","ping_status":"open","sticky":false,"template":"","format":"standard","meta":{"om_disable_all_campaigns":false,"_monsterinsights_skip_tracking":false,"_monsterinsights_sitenote_active":false,"_monsterinsights_sitenote_note":"","_monsterinsights_sitenote_category":0,"footnotes":""},"categories":[176],"tags":[195],"class_list":["post-13104","post","type-post","status-publish","format-standard","has-post-thumbnail","hentry","category-nacional","tag-principal"],"amp_enabled":true,"_links":{"self":[{"href":"https:\/\/lahora.mx\/index.php\/wp-json\/wp\/v2\/posts\/13104","targetHints":{"allow":["GET"]}}],"collection":[{"href":"https:\/\/lahora.mx\/index.php\/wp-json\/wp\/v2\/posts"}],"about":[{"href":"https:\/\/lahora.mx\/index.php\/wp-json\/wp\/v2\/types\/post"}],"author":[{"embeddable":true,"href":"https:\/\/lahora.mx\/index.php\/wp-json\/wp\/v2\/users\/4"}],"replies":[{"embeddable":true,"href":"https:\/\/lahora.mx\/index.php\/wp-json\/wp\/v2\/comments?post=13104"}],"version-history":[{"count":1,"href":"https:\/\/lahora.mx\/index.php\/wp-json\/wp\/v2\/posts\/13104\/revisions"}],"predecessor-version":[{"id":13106,"href":"https:\/\/lahora.mx\/index.php\/wp-json\/wp\/v2\/posts\/13104\/revisions\/13106"}],"wp:featuredmedia":[{"embeddable":true,"href":"https:\/\/lahora.mx\/index.php\/wp-json\/wp\/v2\/media\/13105"}],"wp:attachment":[{"href":"https:\/\/lahora.mx\/index.php\/wp-json\/wp\/v2\/media?parent=13104"}],"wp:term":[{"taxonomy":"category","embeddable":true,"href":"https:\/\/lahora.mx\/index.php\/wp-json\/wp\/v2\/categories?post=13104"},{"taxonomy":"post_tag","embeddable":true,"href":"https:\/\/lahora.mx\/index.php\/wp-json\/wp\/v2\/tags?post=13104"}],"curies":[{"name":"wp","href":"https:\/\/api.w.org\/{rel}","templated":true}]}}