{"id":1307,"date":"2022-01-07T17:21:16","date_gmt":"2022-01-07T17:21:16","guid":{"rendered":"http:\/\/lahora.mx\/?p=1307"},"modified":"2022-01-07T17:21:16","modified_gmt":"2022-01-07T17:21:16","slug":"aeromexico-cancela-vuelos-de-ultimo-momento-sobrecargos-se-contagian-de-omicron","status":"publish","type":"post","link":"https:\/\/lahora.mx\/index.php\/2022\/01\/07\/aeromexico-cancela-vuelos-de-ultimo-momento-sobrecargos-se-contagian-de-omicron\/","title":{"rendered":"Aerom\u00e9xico cancela vuelos de ultimo momento sobrecargos se contagian de \u00f3micron"},"content":{"rendered":"<p>La Asociaci\u00f3n Sindical de Sobrecargos de Aviaci\u00f3n (ASSA) inform\u00f3 que 140 tripulantes de la aerol\u00ednea Aerom\u00e9xico<strong>\u00a0<\/strong>resultaron contagiados por la variante \u00f3micron<strong>\u00a0<\/strong>de Covid-19, por lo que est\u00e1n bajados de vuelos<\/p>\n<p>En una circular, el secretario general de ASSA, Ricardo del Valle Solares, inform\u00f3 que otros 65 sobrecargos<strong>\u00a0<\/strong>est\u00e1n suspendidos por falta de documentos vigentes.<br \/>\nASSA<strong>\u00a0<\/strong>detall\u00f3 que, en comparaci\u00f3n con la planta activa<strong>\u00a0<\/strong>en la \u00faltima n\u00f3mina, implica el 10.3% del personal.<\/p>\n<p>Esta situaci\u00f3n deriv\u00f3 en la cancelaci\u00f3n de varios vuelos ayer y afect\u00f3 las operaciones.<br \/>\nASSA refiri\u00f3 que, a nivel mundial, las aerol\u00edneas han cancelado 22 mil vuelos desde la v\u00edspera de Navidad por contagios de sus tripulantes, aunado a efectos clim\u00e1ticos, \u201cAerom\u00e9xico no es la excepci\u00f3n\u201d, apunt\u00f3.<\/p>\n<p>La organizaci\u00f3n sindical de los sobrecargos afirm\u00f3 que privilegia la salud, respetando y tomando las medidas necesarias para ello.<\/p>\n<p>Adem\u00e1s, se est\u00e1n haciendo las gestiones necesarias para apoyar a sus agremiados en la revalidaci\u00f3n de documentos, especialmente el examen m\u00e9dico y ratificaci\u00f3n de licencia de vuelo.<\/p>\n<p>\u201cHacemos un llamado a no bajar la guardia, a seguir los protocolos sanitarios necesarios para conservar la salud, as\u00ed como a revalidar los documentos en tiempo y forma\u201d, indic\u00f3 Del Valle.<\/p>\n","protected":false},"excerpt":{"rendered":"<p>La Asociaci\u00f3n Sindical de Sobrecargos de Aviaci\u00f3n (ASSA) inform\u00f3 que 140 tripulantes de la aerol\u00ednea Aerom\u00e9xico\u00a0resultaron contagiados por la variante \u00f3micron\u00a0de Covid-19, por lo que est\u00e1n bajados de vuelos En una circular, el secretario general de ASSA, Ricardo del Valle Solares, inform\u00f3 que otros 65 sobrecargos\u00a0est\u00e1n suspendidos por falta de documentos vigentes. ASSA\u00a0detall\u00f3 que, en [&hellip;]<\/p>\n","protected":false},"author":4,"featured_media":1308,"comment_status":"open","ping_status":"open","sticky":false,"template":"","format":"standard","meta":{"om_disable_all_campaigns":false,"_monsterinsights_skip_tracking":false,"_monsterinsights_sitenote_active":false,"_monsterinsights_sitenote_note":"","_monsterinsights_sitenote_category":0,"footnotes":""},"categories":[176],"tags":[],"class_list":["post-1307","post","type-post","status-publish","format-standard","has-post-thumbnail","hentry","category-nacional"],"amp_enabled":true,"_links":{"self":[{"href":"https:\/\/lahora.mx\/index.php\/wp-json\/wp\/v2\/posts\/1307","targetHints":{"allow":["GET"]}}],"collection":[{"href":"https:\/\/lahora.mx\/index.php\/wp-json\/wp\/v2\/posts"}],"about":[{"href":"https:\/\/lahora.mx\/index.php\/wp-json\/wp\/v2\/types\/post"}],"author":[{"embeddable":true,"href":"https:\/\/lahora.mx\/index.php\/wp-json\/wp\/v2\/users\/4"}],"replies":[{"embeddable":true,"href":"https:\/\/lahora.mx\/index.php\/wp-json\/wp\/v2\/comments?post=1307"}],"version-history":[{"count":1,"href":"https:\/\/lahora.mx\/index.php\/wp-json\/wp\/v2\/posts\/1307\/revisions"}],"predecessor-version":[{"id":1309,"href":"https:\/\/lahora.mx\/index.php\/wp-json\/wp\/v2\/posts\/1307\/revisions\/1309"}],"wp:featuredmedia":[{"embeddable":true,"href":"https:\/\/lahora.mx\/index.php\/wp-json\/wp\/v2\/media\/1308"}],"wp:attachment":[{"href":"https:\/\/lahora.mx\/index.php\/wp-json\/wp\/v2\/media?parent=1307"}],"wp:term":[{"taxonomy":"category","embeddable":true,"href":"https:\/\/lahora.mx\/index.php\/wp-json\/wp\/v2\/categories?post=1307"},{"taxonomy":"post_tag","embeddable":true,"href":"https:\/\/lahora.mx\/index.php\/wp-json\/wp\/v2\/tags?post=1307"}],"curies":[{"name":"wp","href":"https:\/\/api.w.org\/{rel}","templated":true}]}}