{"id":13065,"date":"2022-09-08T01:35:37","date_gmt":"2022-09-08T01:35:37","guid":{"rendered":"http:\/\/lahora.mx\/?p=13065"},"modified":"2022-09-08T01:35:38","modified_gmt":"2022-09-08T01:35:38","slug":"es-mejor-asi-por-separadito-dice-barbosa-en-reinauguracion-del-mercado-el-alto","status":"publish","type":"post","link":"https:\/\/lahora.mx\/index.php\/2022\/09\/08\/es-mejor-asi-por-separadito-dice-barbosa-en-reinauguracion-del-mercado-el-alto\/","title":{"rendered":"\u201cEs mejor as\u00ed por separadito\u201d, dice Barbosa en reinauguraci\u00f3n del mercado El Alto"},"content":{"rendered":"\n<p>\u201cAhora vengo solo, sin el presidente municipal; es mejor as\u00ed, por separadito\u201d dijo el gobernador Miguel Barbosa Huerta en la reinauguraci\u00f3n del mercado \u201cEl Alto\u201d.<br><br>Este mi\u00e9rcoles Barbosa Huerta encabez\u00f3 la entrega de la remodelaci\u00f3n del mercado ubicado enfrente de Casa Ag\u00fcayo, junto a la Secretar\u00eda de Gobernaci\u00f3n Ana Luc\u00eda Hill Mayoral y de Infraestructura Luis Roberto Tenorio.<\/p>\n\n\n\n<p>Barbosa Huerta volvi\u00f3 a tocar el tema de su separaci\u00f3n del edil capitalino Eduardo Rivera P\u00e9rez, y dijo que por eso no fue invitado al evento.<\/p>\n\n\n\n<p>Adem\u00e1s, solicit\u00f3 al secretario de infraestructura que se les d\u00e9 una explicaci\u00f3n de por qu\u00e9 el mercado qued\u00f3 con l\u00e1minas en el techo y no con concreto, pues se le notific\u00f3 al mandatario que fue el INAH quien realiz\u00f3 esa modificaci\u00f3n.<\/p>\n\n\n\n<p>La entrega se hizo frente a los locatarios del recinto, as\u00ed como entre mariachis de la zona y huehues, que celebraron la apertura despu\u00e9s de pasar meses vendiendo en la calle para no cerrar su negocio.<\/p>\n","protected":false},"excerpt":{"rendered":"<p>\u201cAhora vengo solo, sin el presidente municipal; es mejor as\u00ed, por separadito\u201d dijo el gobernador Miguel Barbosa Huerta en la reinauguraci\u00f3n del mercado \u201cEl Alto\u201d. Este mi\u00e9rcoles Barbosa Huerta encabez\u00f3 la entrega de la remodelaci\u00f3n del mercado ubicado enfrente de Casa Ag\u00fcayo, junto a la Secretar\u00eda de Gobernaci\u00f3n Ana Luc\u00eda Hill Mayoral y de Infraestructura [&hellip;]<\/p>\n","protected":false},"author":4,"featured_media":13067,"comment_status":"open","ping_status":"open","sticky":false,"template":"","format":"standard","meta":{"om_disable_all_campaigns":false,"_monsterinsights_skip_tracking":false,"_monsterinsights_sitenote_active":false,"_monsterinsights_sitenote_note":"","_monsterinsights_sitenote_category":0,"footnotes":""},"categories":[175],"tags":[223],"class_list":["post-13065","post","type-post","status-publish","format-standard","has-post-thumbnail","hentry","category-local","tag-puebla"],"amp_enabled":true,"_links":{"self":[{"href":"https:\/\/lahora.mx\/index.php\/wp-json\/wp\/v2\/posts\/13065","targetHints":{"allow":["GET"]}}],"collection":[{"href":"https:\/\/lahora.mx\/index.php\/wp-json\/wp\/v2\/posts"}],"about":[{"href":"https:\/\/lahora.mx\/index.php\/wp-json\/wp\/v2\/types\/post"}],"author":[{"embeddable":true,"href":"https:\/\/lahora.mx\/index.php\/wp-json\/wp\/v2\/users\/4"}],"replies":[{"embeddable":true,"href":"https:\/\/lahora.mx\/index.php\/wp-json\/wp\/v2\/comments?post=13065"}],"version-history":[{"count":1,"href":"https:\/\/lahora.mx\/index.php\/wp-json\/wp\/v2\/posts\/13065\/revisions"}],"predecessor-version":[{"id":13068,"href":"https:\/\/lahora.mx\/index.php\/wp-json\/wp\/v2\/posts\/13065\/revisions\/13068"}],"wp:featuredmedia":[{"embeddable":true,"href":"https:\/\/lahora.mx\/index.php\/wp-json\/wp\/v2\/media\/13067"}],"wp:attachment":[{"href":"https:\/\/lahora.mx\/index.php\/wp-json\/wp\/v2\/media?parent=13065"}],"wp:term":[{"taxonomy":"category","embeddable":true,"href":"https:\/\/lahora.mx\/index.php\/wp-json\/wp\/v2\/categories?post=13065"},{"taxonomy":"post_tag","embeddable":true,"href":"https:\/\/lahora.mx\/index.php\/wp-json\/wp\/v2\/tags?post=13065"}],"curies":[{"name":"wp","href":"https:\/\/api.w.org\/{rel}","templated":true}]}}