{"id":13062,"date":"2022-09-08T01:31:47","date_gmt":"2022-09-08T01:31:47","guid":{"rendered":"http:\/\/lahora.mx\/?p=13062"},"modified":"2022-09-08T01:31:48","modified_gmt":"2022-09-08T01:31:48","slug":"hayan-a-dos-cuerpos-calcinados-dentro-de-vehiculo-en-puebla","status":"publish","type":"post","link":"https:\/\/lahora.mx\/index.php\/2022\/09\/08\/hayan-a-dos-cuerpos-calcinados-dentro-de-vehiculo-en-puebla\/","title":{"rendered":"Hayan a  dos cuerpos calcinados dentro de veh\u00edculo en Puebla"},"content":{"rendered":"\n<p>Dos cuerpos calcinados en Puebla fueron descubiertos dentro de la cajuela de un autom\u00f3vil que se incendi\u00f3 la madrugada de este mi\u00e9rcoles en la colonia Bosques de Amalucan Segunda Secci\u00f3n.<\/p>\n\n\n\n<p>Apenas iniciaba este 7 de septiembre cuando al n\u00famero de emergencias 911 entr\u00f3 una llamada de auxilio en la que se solicit\u00f3 la intervenci\u00f3n de los cuerpos de ayuda, en este caso de bomberos, por el incendio de un veh\u00edculo en la calle Durazno entre Fresno y cerca del Perif\u00e9rico Ecol\u00f3gico.<br>Bomberos del Estado se trasladaron a la zona y mitigaron las llamas que envolv\u00edan a un autom\u00f3vil Volkswagen tipo New Beetle con placas del estado de Puebla.<\/p>\n\n\n\n<p>Una vez que los vulcanos estatales apagaron el fuego y revisaron la unidad, descubrieron que en la cajuela del auto hab\u00eda dos cuerpos calcinados sin que se pudiera apreciar o determinar el sexo de las v\u00edctimas las cuales fueron anotadas en calidad de desconocidas.<br>Peritos y agentes ministeriales de la Fiscal\u00eda General del Estado de Puebla (FGE) se trasladaron al lugar para encabezar las pesquisas de ley y despu\u00e9s ordenar el traslado de los cad\u00e1veres a la morgue, donde mediante necropsia y los estudios correspondientes, se espera establecer la causa de muerte, as\u00ed como la identidad de estos cuerpos calcinados en Puebla.<\/p>\n","protected":false},"excerpt":{"rendered":"<p>Dos cuerpos calcinados en Puebla fueron descubiertos dentro de la cajuela de un autom\u00f3vil que se incendi\u00f3 la madrugada de este mi\u00e9rcoles en la colonia Bosques de Amalucan Segunda Secci\u00f3n. Apenas iniciaba este 7 de septiembre cuando al n\u00famero de emergencias 911 entr\u00f3 una llamada de auxilio en la que se solicit\u00f3 la intervenci\u00f3n de [&hellip;]<\/p>\n","protected":false},"author":4,"featured_media":13063,"comment_status":"open","ping_status":"open","sticky":false,"template":"","format":"standard","meta":{"om_disable_all_campaigns":false,"_monsterinsights_skip_tracking":false,"_monsterinsights_sitenote_active":false,"_monsterinsights_sitenote_note":"","_monsterinsights_sitenote_category":0,"footnotes":""},"categories":[175],"tags":[195,223],"class_list":["post-13062","post","type-post","status-publish","format-standard","has-post-thumbnail","hentry","category-local","tag-principal","tag-puebla"],"amp_enabled":true,"_links":{"self":[{"href":"https:\/\/lahora.mx\/index.php\/wp-json\/wp\/v2\/posts\/13062","targetHints":{"allow":["GET"]}}],"collection":[{"href":"https:\/\/lahora.mx\/index.php\/wp-json\/wp\/v2\/posts"}],"about":[{"href":"https:\/\/lahora.mx\/index.php\/wp-json\/wp\/v2\/types\/post"}],"author":[{"embeddable":true,"href":"https:\/\/lahora.mx\/index.php\/wp-json\/wp\/v2\/users\/4"}],"replies":[{"embeddable":true,"href":"https:\/\/lahora.mx\/index.php\/wp-json\/wp\/v2\/comments?post=13062"}],"version-history":[{"count":1,"href":"https:\/\/lahora.mx\/index.php\/wp-json\/wp\/v2\/posts\/13062\/revisions"}],"predecessor-version":[{"id":13064,"href":"https:\/\/lahora.mx\/index.php\/wp-json\/wp\/v2\/posts\/13062\/revisions\/13064"}],"wp:featuredmedia":[{"embeddable":true,"href":"https:\/\/lahora.mx\/index.php\/wp-json\/wp\/v2\/media\/13063"}],"wp:attachment":[{"href":"https:\/\/lahora.mx\/index.php\/wp-json\/wp\/v2\/media?parent=13062"}],"wp:term":[{"taxonomy":"category","embeddable":true,"href":"https:\/\/lahora.mx\/index.php\/wp-json\/wp\/v2\/categories?post=13062"},{"taxonomy":"post_tag","embeddable":true,"href":"https:\/\/lahora.mx\/index.php\/wp-json\/wp\/v2\/tags?post=13062"}],"curies":[{"name":"wp","href":"https:\/\/api.w.org\/{rel}","templated":true}]}}