{"id":13040,"date":"2022-09-07T20:04:13","date_gmt":"2022-09-07T20:04:13","guid":{"rendered":"http:\/\/lahora.mx\/?p=13040"},"modified":"2022-09-07T20:04:14","modified_gmt":"2022-09-07T20:04:14","slug":"volkswagen-va-por-ultima-reunion-en-tribunal-previo-a-huelga","status":"publish","type":"post","link":"https:\/\/lahora.mx\/index.php\/2022\/09\/07\/volkswagen-va-por-ultima-reunion-en-tribunal-previo-a-huelga\/","title":{"rendered":"Volkswagen va por \u00faltima reuni\u00f3n en Tribunal previo a huelga"},"content":{"rendered":"\n<p>El d\u00eda de hoy el Sindicato Independiente de Trabajadores de Volkswagen (Sitiavw) y la empresa alemana Volkswagen sostendr\u00e1n su \u00faltima negociaci\u00f3n frente al Tribunal Federal de Conciliaci\u00f3n y Arbitraje, confirman fuentes al interior de la organizaci\u00f3n gremial.<\/p>\n\n\n\n<p>Luego de que ni sindicato ni empresa lograran firmar el acuerdo salarial y el Sitiavw alistara la huelga en VW, que se prev\u00e9 para el viernes 9 de septiembre, trabajadores del sindicato confirmaron que este mi\u00e9rcoles se llevar\u00e1 a cabo la reuni\u00f3n en la Ciudad de M\u00e9xico.<br><br>En la reuni\u00f3n, el Sitiavw pedir\u00e1 un aumento de dos d\u00edgitos al salario, pues el sindicato originalmente solicit\u00f3 un 15.5 por ciento y la empresa solo ofreci\u00f3 9 por ciento, adem\u00e1s solicitar\u00e1n una pr\u00f3rroga antes de estallar la huelga, as\u00ed lo confirmaron trabajadores de la planta en Puebla.<\/p>\n\n\n\n<p>Sin embargo, ante un escenario en el que el sindicato rechaz\u00f3 en dos ocasiones el aumento salarial del 11 por ciento (9 por ciento al salario y 2 a prestaciones) que Volkswagen ofreci\u00f3, la armadora no hizo ninguna contra oferta, por lo que se prev\u00e9 que tampoco lo haga en la reuni\u00f3n.<\/p>\n\n\n\n<p><br>Por su parte, el Sindicato de VW ya comenz\u00f3 con la planeaci\u00f3n de la huelga, pues se dio a conocer que se design\u00f3 un comit\u00e9 de vigilancia de casillas y accesos a la planta, en el que se asignaron turnos a los trabajadores sindicalizados.<\/p>\n\n\n\n<p>En este sentido, los 6 mil 853 trabajadores sindicalizados de Volkswagen se levantar\u00edan a huelga este viernes 9 de septiembre a las 11 de la ma\u00f1ana, movimiento que parar\u00eda las actividades de la planta y que tendr\u00eda que ser declarada leg\u00edtima por la autoridad correspondiente.<\/p>\n\n\n\n<p>Secretar\u00eda de Econom\u00eda conf\u00eda en acuerdo entre trabajadores y Volkswagen<\/p>\n\n\n\n<p>La titular de la Secretar\u00eda de Econom\u00eda del estado de Puebla, Olivia Salom\u00f3n Vivaldo, se dijo confiada de que tanto Volkswagen como su sindicato lleguen a un acuerdo, pues expres\u00f3 que ambas partes buscan que a Puebla le vaya bien.<\/p>\n\n\n\n<p>Salom\u00f3n tambi\u00e9n dijo que tanto sindicato como empresa tuvieron reuniones con la Secretar\u00eda del Trabajo Federal y expres\u00f3 que el inter\u00e9s por llegar a un buen acuerdo es de ambas partes:<\/p>\n\n\n\n<p>\u201cEst\u00e1n llegando y buscando sus propios acuerdos y confiamos en que todos quieren el bien de la empresa, de su trabajo y de Puebla\u201d, se\u00f1al\u00f3 respecto a la negociaci\u00f3n salarial entre Volkswagen y Sitiavw.<\/p>\n","protected":false},"excerpt":{"rendered":"<p>El d\u00eda de hoy el Sindicato Independiente de Trabajadores de Volkswagen (Sitiavw) y la empresa alemana Volkswagen sostendr\u00e1n su \u00faltima negociaci\u00f3n frente al Tribunal Federal de Conciliaci\u00f3n y Arbitraje, confirman fuentes al interior de la organizaci\u00f3n gremial. Luego de que ni sindicato ni empresa lograran firmar el acuerdo salarial y el Sitiavw alistara la huelga [&hellip;]<\/p>\n","protected":false},"author":4,"featured_media":13041,"comment_status":"open","ping_status":"open","sticky":false,"template":"","format":"standard","meta":{"om_disable_all_campaigns":false,"_monsterinsights_skip_tracking":false,"_monsterinsights_sitenote_active":false,"_monsterinsights_sitenote_note":"","_monsterinsights_sitenote_category":0,"footnotes":""},"categories":[175],"tags":[195,223],"class_list":["post-13040","post","type-post","status-publish","format-standard","has-post-thumbnail","hentry","category-local","tag-principal","tag-puebla"],"amp_enabled":true,"_links":{"self":[{"href":"https:\/\/lahora.mx\/index.php\/wp-json\/wp\/v2\/posts\/13040","targetHints":{"allow":["GET"]}}],"collection":[{"href":"https:\/\/lahora.mx\/index.php\/wp-json\/wp\/v2\/posts"}],"about":[{"href":"https:\/\/lahora.mx\/index.php\/wp-json\/wp\/v2\/types\/post"}],"author":[{"embeddable":true,"href":"https:\/\/lahora.mx\/index.php\/wp-json\/wp\/v2\/users\/4"}],"replies":[{"embeddable":true,"href":"https:\/\/lahora.mx\/index.php\/wp-json\/wp\/v2\/comments?post=13040"}],"version-history":[{"count":1,"href":"https:\/\/lahora.mx\/index.php\/wp-json\/wp\/v2\/posts\/13040\/revisions"}],"predecessor-version":[{"id":13042,"href":"https:\/\/lahora.mx\/index.php\/wp-json\/wp\/v2\/posts\/13040\/revisions\/13042"}],"wp:featuredmedia":[{"embeddable":true,"href":"https:\/\/lahora.mx\/index.php\/wp-json\/wp\/v2\/media\/13041"}],"wp:attachment":[{"href":"https:\/\/lahora.mx\/index.php\/wp-json\/wp\/v2\/media?parent=13040"}],"wp:term":[{"taxonomy":"category","embeddable":true,"href":"https:\/\/lahora.mx\/index.php\/wp-json\/wp\/v2\/categories?post=13040"},{"taxonomy":"post_tag","embeddable":true,"href":"https:\/\/lahora.mx\/index.php\/wp-json\/wp\/v2\/tags?post=13040"}],"curies":[{"name":"wp","href":"https:\/\/api.w.org\/{rel}","templated":true}]}}