{"id":1303,"date":"2022-01-07T17:04:32","date_gmt":"2022-01-07T17:04:32","guid":{"rendered":"http:\/\/lahora.mx\/?p=1303"},"modified":"2022-01-07T17:04:32","modified_gmt":"2022-01-07T17:04:32","slug":"partido-de-omicron-en-el-estadio-cuauhtemoc-aforo-del-75-ante-el-ame-en-espiral-de-la-cuarta-oleada","status":"publish","type":"post","link":"https:\/\/lahora.mx\/index.php\/2022\/01\/07\/partido-de-omicron-en-el-estadio-cuauhtemoc-aforo-del-75-ante-el-ame-en-espiral-de-la-cuarta-oleada\/","title":{"rendered":"Partido de \u00d3micron en el estadio Cuauht\u00e9moc: aforo del 75 % ante el Ame en espiral de la cuarta oleada"},"content":{"rendered":"<p>Esta noche es el partido de Puebla vs Am\u00e9rica en el estadio Cuauht\u00e9moc donde\u00a0 podr\u00eda ser recordado como el coloso de \u00d3micron despu\u00e9s de este partido tras la cuarta ola en la que se han multiplicado los contagios.<br \/>\nY es que el aforo para el partido en el estadio Cuauht\u00e9moc, ser\u00e1 del 75 por ciento. inform\u00f3\u00a0 Carlos \u00abB\u00fafalo\u00bb Poblete. director de desarrollo del equipo de \u00abLa Franja\u00bb. Es decir que \u00fanicamente bajaron cinco por ciento de la capacidad que ven\u00eda manejando el tambi\u00e9n conocido \u2018chiquihuite\u2019.<\/p>\n<div id=\"lx_640547\" class=\"__lxG__multi __lxG__multi_lx_640547 __lxG__not_empty_block\" data-cnt=\"1\" data-width=\"336\" data-height=\"280\">\n<p>Despu\u00e9s de realizar su pre temporada en la playa, la incertidumbre por los nuevos refuerzos y rumores sobre la salida de su nuevo t\u00e9cnico el equipo \u2018camotero\u2019 abre el torneo en la cancha del Estadio Cuauht\u00e9moc\u00a0 recibiendo a las \u00c1guila, partido que estar\u00e1 marcado por las ausencias.<br \/>\nPues en el caso del\u00a0 conjunto camotero no podr\u00e1 estar en la cancha el nuevo 10 y refuerzo bomba para la temporada Federico Mancuello\u00a0ya que no lleg\u00f3 su pase internacional a tiempo para ser registrado en la Liga Mx y se perder\u00e1 por lo menos la primera fecha.<\/p>\n<p>&nbsp;<\/p>\n<p>Por su parte el equipo americanista sufri\u00f3 un cuadro de coronavirus y no est\u00e1n disponibles Federico Vi\u00f1as V\u00edctor Aguilera Fernando Madrigal por lesi\u00f3n quedaron fuera Bruno Valdez y Fernando Tapia mientras que por falta de ritmo no estar\u00e1n presentes Jonathan dos Santos y Bruno Valdez.<br \/>\nEn el plano futbol\u00edstico, La Franja intentar\u00e1 romper una mala racha que tiene sobre los americanistas, pues son siete partidos consecutivos que caen ante las \u00c1guilas, ya que la \u00faltima victoria poblana fue precisamente en la cancha del Cuauht\u00e9moc por marcador de tres a uno en el lejano Clausura 2018.<br \/>\nAdem\u00e1s el gobierno de Puebla pondr\u00e1 autobuses nocturnos Para garantizar que la afici\u00f3n disfrute del partido Puebla-Am\u00e9rica, se pusieron a disposici\u00f3n 25 autobuses para que las y los asistentes puedan regresar a su destino de manera segura.<\/p>\n<\/div>\n","protected":false},"excerpt":{"rendered":"<p>Esta noche es el partido de Puebla vs Am\u00e9rica en el estadio Cuauht\u00e9moc donde\u00a0 podr\u00eda ser recordado como el coloso de \u00d3micron despu\u00e9s de este partido tras la cuarta ola en la que se han multiplicado los contagios. Y es que el aforo para el partido en el estadio Cuauht\u00e9moc, ser\u00e1 del 75 por ciento. [&hellip;]<\/p>\n","protected":false},"author":4,"featured_media":1304,"comment_status":"open","ping_status":"open","sticky":false,"template":"","format":"standard","meta":{"om_disable_all_campaigns":false,"_monsterinsights_skip_tracking":false,"_monsterinsights_sitenote_active":false,"_monsterinsights_sitenote_note":"","_monsterinsights_sitenote_category":0,"footnotes":""},"categories":[175,6],"tags":[],"class_list":["post-1303","post","type-post","status-publish","format-standard","has-post-thumbnail","hentry","category-local","category-sports"],"amp_enabled":true,"_links":{"self":[{"href":"https:\/\/lahora.mx\/index.php\/wp-json\/wp\/v2\/posts\/1303","targetHints":{"allow":["GET"]}}],"collection":[{"href":"https:\/\/lahora.mx\/index.php\/wp-json\/wp\/v2\/posts"}],"about":[{"href":"https:\/\/lahora.mx\/index.php\/wp-json\/wp\/v2\/types\/post"}],"author":[{"embeddable":true,"href":"https:\/\/lahora.mx\/index.php\/wp-json\/wp\/v2\/users\/4"}],"replies":[{"embeddable":true,"href":"https:\/\/lahora.mx\/index.php\/wp-json\/wp\/v2\/comments?post=1303"}],"version-history":[{"count":1,"href":"https:\/\/lahora.mx\/index.php\/wp-json\/wp\/v2\/posts\/1303\/revisions"}],"predecessor-version":[{"id":1305,"href":"https:\/\/lahora.mx\/index.php\/wp-json\/wp\/v2\/posts\/1303\/revisions\/1305"}],"wp:featuredmedia":[{"embeddable":true,"href":"https:\/\/lahora.mx\/index.php\/wp-json\/wp\/v2\/media\/1304"}],"wp:attachment":[{"href":"https:\/\/lahora.mx\/index.php\/wp-json\/wp\/v2\/media?parent=1303"}],"wp:term":[{"taxonomy":"category","embeddable":true,"href":"https:\/\/lahora.mx\/index.php\/wp-json\/wp\/v2\/categories?post=1303"},{"taxonomy":"post_tag","embeddable":true,"href":"https:\/\/lahora.mx\/index.php\/wp-json\/wp\/v2\/tags?post=1303"}],"curies":[{"name":"wp","href":"https:\/\/api.w.org\/{rel}","templated":true}]}}