{"id":13028,"date":"2022-09-07T16:38:22","date_gmt":"2022-09-07T16:38:22","guid":{"rendered":"http:\/\/lahora.mx\/?p=13028"},"modified":"2022-09-07T16:38:23","modified_gmt":"2022-09-07T16:38:23","slug":"pan-y-prd-suspenden-alianza","status":"publish","type":"post","link":"https:\/\/lahora.mx\/index.php\/2022\/09\/07\/pan-y-prd-suspenden-alianza\/","title":{"rendered":"PAN y PRD suspenden alianza"},"content":{"rendered":"\n<p>Las dirigencias nacionales del PAN y del PRD anunciaron la suspensi\u00f3n temporal de la alianza Va por M\u00e9xico con el PRI tras la iniciativa presentada por la diputada de ese partido Yolanda de la Torre en la que propone extender la presencia del Ej\u00e9rcito en las calles hasta 2028.<\/p>\n\n\n\n<p>\u201cProrrogar la militarizaci\u00f3n del pa\u00eds hasta 2028 es tambi\u00e9n prorrogar la inconstitucionalidad de las leyes que los partidos de la coalici\u00f3n hemos votado en contra. Es diferir que se enfrente y resuelva de fondo el problema de la creciente inseguridad, con una aut\u00e9ntica polic\u00eda civil no miliar, que s\u00ed salvaguarde la seguridad p\u00fablica\u201d, indicaron en un comunicado conjunto.<\/p>\n\n\n\n<p>Te recomendamos: Alianza &#8216;Va por M\u00e9xico&#8217; no est\u00e1 en riesgo: &#8216;Alito&#8217; Moreno; iniciativa del Ej\u00e9rcito \u00abes por M\u00e9xico\u00bb<\/p>\n\n\n\n<p>Ambos partidos se dijeron sorprendidos por la iniciativa presentada, y la cual dividi\u00f3 a los legisladores priistas, por lo que al conocer de ella, se\u00f1alaron, le plantearon a la dirigencia nacional del PRI \u201cque re valore y honre la plataforma electoral com\u00fan a la que se comprometi\u00f3\u201d.<br><\/p>\n\n\n\n<p>A trav\u00e9s de 14 puntos, los dirigentes partidistas repasaron los acuerdos de la coalici\u00f3n legislativa a los que estar\u00eda faltando el PRI con la iniciativa de reforma al quinto transitorio de la reforma constitucional en materia de Guardia Nacional aprobada en 2020.<\/p>\n\n\n\n<p>En los siguientes puntos, hacen una serie de consideraciones sobre prorrogar la participaci\u00f3n militar, entre otras, por \u201cla inconstitucionalidad de las leyes\u201d que han votado en contra, insistiendo en que la intervenci\u00f3n militar debe ser por tiempo limitado. De ah\u00ed que, sostienen, prolongar la militarizaci\u00f3n es \u201cuna tremenda irresponsabilidad\u201d.<\/p>\n\n\n\n<p>La suspensi\u00f3n de la coalici\u00f3n tanto legislativa como electoral permanecer\u00e1 hasta que el PRI \u201cno defina con claridad si habr\u00e1 de honrar nuestra plataforma electoral com\u00fan de la coalici\u00f3n Va por M\u00e9xico que firmamos en 2021 y la moratoria constitucional que firmamos en junio del presente a\u00f1o\u201d.<\/p>\n\n\n\n<p>Adem\u00e1s, el PAN y PRD llamaron al dirigente nacional del PRI, Alejandro Moreno, y a sus legisladores a asumir \u201ccon responsabilidad la dif\u00edcil situaci\u00f3n\u201d que se est\u00e1 viviendo y que privilegien el inter\u00e9s superior de la naci\u00f3n.<br><\/p>\n\n\n\n<p>A trav\u00e9s de 14 puntos, los dirigentes partidistas repasaron los acuerdos de la coalici\u00f3n legislativa a los que estar\u00eda faltando el PRI con la iniciativa de reforma al quinto transitorio de la reforma constitucional en materia de Guardia Nacional aprobada en 2020.<\/p>\n\n\n\n<p>En los siguientes puntos, hacen una serie de consideraciones sobre prorrogar la participaci\u00f3n militar, entre otras, por \u201cla inconstitucionalidad de las leyes\u201d que han votado en contra, insistiendo en que la intervenci\u00f3n militar debe ser por tiempo limitado. De ah\u00ed que, sostienen, prolongar la militarizaci\u00f3n es \u201cuna tremenda irresponsabilidad\u201d.<\/p>\n\n\n\n<p>La suspensi\u00f3n de la coalici\u00f3n tanto legislativa como electoral permanecer\u00e1 hasta que el PRI \u201cno defina con claridad si habr\u00e1 de honrar nuestra plataforma electoral com\u00fan de la coalici\u00f3n Va por M\u00e9xico que firmamos en 2021 y la moratoria constitucional que firmamos en junio del presente a\u00f1o\u201d.<\/p>\n\n\n\n<p>Adem\u00e1s, el PAN y PRD llamaron al dirigente nacional del PRI, Alejandro Moreno, y a sus legisladores a asumir \u201ccon responsabilidad la dif\u00edcil situaci\u00f3n\u201d que se est\u00e1 viviendo y que privilegien el inter\u00e9s superior de la naci\u00f3n.<\/p>\n","protected":false},"excerpt":{"rendered":"<p>Las dirigencias nacionales del PAN y del PRD anunciaron la suspensi\u00f3n temporal de la alianza Va por M\u00e9xico con el PRI tras la iniciativa presentada por la diputada de ese partido Yolanda de la Torre en la que propone extender la presencia del Ej\u00e9rcito en las calles hasta 2028. \u201cProrrogar la militarizaci\u00f3n del pa\u00eds hasta [&hellip;]<\/p>\n","protected":false},"author":4,"featured_media":13029,"comment_status":"open","ping_status":"open","sticky":false,"template":"","format":"standard","meta":{"om_disable_all_campaigns":false,"_monsterinsights_skip_tracking":false,"_monsterinsights_sitenote_active":false,"_monsterinsights_sitenote_note":"","_monsterinsights_sitenote_category":0,"footnotes":""},"categories":[175],"tags":[223],"class_list":["post-13028","post","type-post","status-publish","format-standard","has-post-thumbnail","hentry","category-local","tag-puebla"],"amp_enabled":true,"_links":{"self":[{"href":"https:\/\/lahora.mx\/index.php\/wp-json\/wp\/v2\/posts\/13028","targetHints":{"allow":["GET"]}}],"collection":[{"href":"https:\/\/lahora.mx\/index.php\/wp-json\/wp\/v2\/posts"}],"about":[{"href":"https:\/\/lahora.mx\/index.php\/wp-json\/wp\/v2\/types\/post"}],"author":[{"embeddable":true,"href":"https:\/\/lahora.mx\/index.php\/wp-json\/wp\/v2\/users\/4"}],"replies":[{"embeddable":true,"href":"https:\/\/lahora.mx\/index.php\/wp-json\/wp\/v2\/comments?post=13028"}],"version-history":[{"count":1,"href":"https:\/\/lahora.mx\/index.php\/wp-json\/wp\/v2\/posts\/13028\/revisions"}],"predecessor-version":[{"id":13030,"href":"https:\/\/lahora.mx\/index.php\/wp-json\/wp\/v2\/posts\/13028\/revisions\/13030"}],"wp:featuredmedia":[{"embeddable":true,"href":"https:\/\/lahora.mx\/index.php\/wp-json\/wp\/v2\/media\/13029"}],"wp:attachment":[{"href":"https:\/\/lahora.mx\/index.php\/wp-json\/wp\/v2\/media?parent=13028"}],"wp:term":[{"taxonomy":"category","embeddable":true,"href":"https:\/\/lahora.mx\/index.php\/wp-json\/wp\/v2\/categories?post=13028"},{"taxonomy":"post_tag","embeddable":true,"href":"https:\/\/lahora.mx\/index.php\/wp-json\/wp\/v2\/tags?post=13028"}],"curies":[{"name":"wp","href":"https:\/\/api.w.org\/{rel}","templated":true}]}}