{"id":13022,"date":"2022-09-07T16:28:47","date_gmt":"2022-09-07T16:28:47","guid":{"rendered":"http:\/\/lahora.mx\/?p=13022"},"modified":"2022-09-07T16:28:48","modified_gmt":"2022-09-07T16:28:48","slug":"huracan-kay-se-espera-deslaves-e-inundaciones-en-puebla","status":"publish","type":"post","link":"https:\/\/lahora.mx\/index.php\/2022\/09\/07\/huracan-kay-se-espera-deslaves-e-inundaciones-en-puebla\/","title":{"rendered":"Hurac\u00e1n Kay: se espera deslaves e inundaciones en Puebla"},"content":{"rendered":"\n<p>Con la presencia del hurac\u00e1n \u201cKay\u201d en el oc\u00e9ano Pac\u00edfico, en el estado de Puebla se esperan deslaves e inundaciones en zonas bajas, a causa de las lluvias que van de fuertes a muy fuertes durante este 7 de septiembre del 2022.<\/p>\n\n\n\n<p>Durante las tardes se esperan lluvias que van de los 50 mm a los 75 mm, lo que significa que por cada metro cuadrado habr\u00e1 entre 50 y 75 litros de agua.<br>Desde la madrugada de este mi\u00e9rcoles se registraron lluvias leves que mantienen nublado el cielo de la capital poblana, as\u00ed como otras zonas del estado de la Sierra Norte, Sierra Nororiental y Sierra Negra.<\/p>\n\n\n\n<p>De acuerdo con el pron\u00f3stico del clima se espera que la temperatura oscile entre los 13 y 22 grados cent\u00edgrados, con sensaci\u00f3n t\u00e9rmica de menos grados por la humedad.<br>Protecci\u00f3n Civil del estado recomienda evitar las actividades al aire libre, reportar posibles deslaves, alcantarillas tapadas, construcciones en mal estado o \u00e1rboles da\u00f1ados para prevenir riesgos mayores, adem\u00e1s pide a los automovilistas conducir con precauci\u00f3n para evitar choques.<\/p>\n\n\n\n<p>Por otra parte, en el interior del estado piden a los habitantes de zonas de riesgo estar pendientes ante posibles deslaves e inundaciones y revisar los lugares disponibles para refugios ante alguna contingencia.<\/p>\n\n\n\n<p>Respecto a los niveles de las presas en el estado, la secretaria de Gobernaci\u00f3n Ana Luc\u00eda Hill Mayoral inform\u00f3 que, la presa Manuel \u00c1vila Camacho se encuentra al 38 por ciento de su capacidad, La Soledad al 53 por ciento, la presa de Nexapa al 106 por ciento, la de Tenango al 42 por ciento y Necaxa al 32 por ciento.<\/p>\n\n\n\n<p>Durante el 6 de agosto del 2022 se registraron fuertes lluvias en la capital del estado a causa del Hurac\u00e1n \u201cKay\u201d que provocaron inundaciones en la parte norte de la ciudad, adem\u00e1s se report\u00f3 la ca\u00edda de 9 \u00e1rboles, pero no se registraron personas lesionadas.<\/p>\n","protected":false},"excerpt":{"rendered":"<p>Con la presencia del hurac\u00e1n \u201cKay\u201d en el oc\u00e9ano Pac\u00edfico, en el estado de Puebla se esperan deslaves e inundaciones en zonas bajas, a causa de las lluvias que van de fuertes a muy fuertes durante este 7 de septiembre del 2022. Durante las tardes se esperan lluvias que van de los 50 mm a [&hellip;]<\/p>\n","protected":false},"author":4,"featured_media":13023,"comment_status":"open","ping_status":"open","sticky":false,"template":"","format":"standard","meta":{"om_disable_all_campaigns":false,"_monsterinsights_skip_tracking":false,"_monsterinsights_sitenote_active":false,"_monsterinsights_sitenote_note":"","_monsterinsights_sitenote_category":0,"footnotes":""},"categories":[175],"tags":[195,223],"class_list":["post-13022","post","type-post","status-publish","format-standard","has-post-thumbnail","hentry","category-local","tag-principal","tag-puebla"],"amp_enabled":true,"_links":{"self":[{"href":"https:\/\/lahora.mx\/index.php\/wp-json\/wp\/v2\/posts\/13022","targetHints":{"allow":["GET"]}}],"collection":[{"href":"https:\/\/lahora.mx\/index.php\/wp-json\/wp\/v2\/posts"}],"about":[{"href":"https:\/\/lahora.mx\/index.php\/wp-json\/wp\/v2\/types\/post"}],"author":[{"embeddable":true,"href":"https:\/\/lahora.mx\/index.php\/wp-json\/wp\/v2\/users\/4"}],"replies":[{"embeddable":true,"href":"https:\/\/lahora.mx\/index.php\/wp-json\/wp\/v2\/comments?post=13022"}],"version-history":[{"count":1,"href":"https:\/\/lahora.mx\/index.php\/wp-json\/wp\/v2\/posts\/13022\/revisions"}],"predecessor-version":[{"id":13024,"href":"https:\/\/lahora.mx\/index.php\/wp-json\/wp\/v2\/posts\/13022\/revisions\/13024"}],"wp:featuredmedia":[{"embeddable":true,"href":"https:\/\/lahora.mx\/index.php\/wp-json\/wp\/v2\/media\/13023"}],"wp:attachment":[{"href":"https:\/\/lahora.mx\/index.php\/wp-json\/wp\/v2\/media?parent=13022"}],"wp:term":[{"taxonomy":"category","embeddable":true,"href":"https:\/\/lahora.mx\/index.php\/wp-json\/wp\/v2\/categories?post=13022"},{"taxonomy":"post_tag","embeddable":true,"href":"https:\/\/lahora.mx\/index.php\/wp-json\/wp\/v2\/tags?post=13022"}],"curies":[{"name":"wp","href":"https:\/\/api.w.org\/{rel}","templated":true}]}}