{"id":13014,"date":"2022-09-07T15:54:01","date_gmt":"2022-09-07T15:54:01","guid":{"rendered":"http:\/\/lahora.mx\/?p=13014"},"modified":"2022-09-07T15:54:01","modified_gmt":"2022-09-07T15:54:01","slug":"se-aplicara-nueva-dosis-contra-covid-19-a-ninos-y-ninas-de-5-a-11-anos-en-puebla-la-proxima-semana","status":"publish","type":"post","link":"https:\/\/lahora.mx\/index.php\/2022\/09\/07\/se-aplicara-nueva-dosis-contra-covid-19-a-ninos-y-ninas-de-5-a-11-anos-en-puebla-la-proxima-semana\/","title":{"rendered":"Se aplicar\u00e1 nueva dosis contra covid-19 a ni\u00f1os y ni\u00f1as de 5 a 11 a\u00f1os en Puebla la proxima semana"},"content":{"rendered":"\n<p>Debido a que el viernes se recibir\u00e1n las vacunas contra covid-19, ser\u00e1 hasta la otra semana cuando iniciar\u00e1 la nueva jornada para aplicar dosis pedi\u00e1tricas a ni\u00f1os y ni\u00f1as de 5 a 11 a\u00f1os en la ciudad de Puebla, por lo que madres, padres y tutores deben estar al pendiente de las fechas.<\/p>\n\n\n\n<p>As\u00ed lo inform\u00f3 el secretario de Salud estatal, Jos\u00e9 Antonio Mart\u00ednez Garc\u00eda, durante rueda de prensa la ma\u00f1ana de este mi\u00e9rcoles.<br><\/p>\n\n\n\n<p>Explic\u00f3 que ser\u00e1 este viernes cuando el gobierno de Puebla acuda a la Ciudad de M\u00e9xico para recoger las vacunas pedi\u00e1tricas contra covid-19.<\/p>\n\n\n\n<p>Contagios de covid-19 en Puebla<\/p>\n\n\n\n<p>En otro tema, inform\u00f3 que el estado sum\u00f3 36 nuevos casos de covid-19, adem\u00e1s de que hay 716 contagios activos en 46 municipios.<br><\/p>\n\n\n\n<p>Respecto a las hospitalizaciones, dijo que se reportaron 21, de las cuales tres requieren ventilaci\u00f3n mec\u00e1nica asistida. Asimismo, detall\u00f3 que Puebla no registr\u00f3 muertes por covid-19 para este mi\u00e9rcoles.<\/p>\n\n\n\n<p>Puebla cuenta con medicina contra covid-19<\/p>\n\n\n\n<p>Adem\u00e1s, indic\u00f3 que llegaron al estado mil 190 cajas de la medicina paxolovid, que \u00fanicamente se les administra a pacientes con covid-19 que son mayores de 60 a\u00f1os, no han sido vacunados y tienen comorbilidades.<br><\/p>\n\n\n\n<p>Mart\u00ednez Garc\u00eda precis\u00f3 que esta nueva medicina se encuentra \u00fanicamente en las ciudades m\u00e1s pobladas del estado, como Puebla capital, Tehuac\u00e1n y Teziutl\u00e1n.<\/p>\n\n\n\n<p>Finalmente, advirti\u00f3 que el paxolovid \u00fanicamente es distribuido por el Sector Salud, por lo que exhort\u00f3 a la poblaci\u00f3n a no adquirirlo en otros lados.<\/p>\n","protected":false},"excerpt":{"rendered":"<p>Debido a que el viernes se recibir\u00e1n las vacunas contra covid-19, ser\u00e1 hasta la otra semana cuando iniciar\u00e1 la nueva jornada para aplicar dosis pedi\u00e1tricas a ni\u00f1os y ni\u00f1as de 5 a 11 a\u00f1os en la ciudad de Puebla, por lo que madres, padres y tutores deben estar al pendiente de las fechas. As\u00ed lo [&hellip;]<\/p>\n","protected":false},"author":4,"featured_media":13015,"comment_status":"open","ping_status":"open","sticky":false,"template":"","format":"standard","meta":{"om_disable_all_campaigns":false,"_monsterinsights_skip_tracking":false,"_monsterinsights_sitenote_active":false,"_monsterinsights_sitenote_note":"","_monsterinsights_sitenote_category":0,"footnotes":""},"categories":[175],"tags":[195,223],"class_list":["post-13014","post","type-post","status-publish","format-standard","has-post-thumbnail","hentry","category-local","tag-principal","tag-puebla"],"amp_enabled":true,"_links":{"self":[{"href":"https:\/\/lahora.mx\/index.php\/wp-json\/wp\/v2\/posts\/13014","targetHints":{"allow":["GET"]}}],"collection":[{"href":"https:\/\/lahora.mx\/index.php\/wp-json\/wp\/v2\/posts"}],"about":[{"href":"https:\/\/lahora.mx\/index.php\/wp-json\/wp\/v2\/types\/post"}],"author":[{"embeddable":true,"href":"https:\/\/lahora.mx\/index.php\/wp-json\/wp\/v2\/users\/4"}],"replies":[{"embeddable":true,"href":"https:\/\/lahora.mx\/index.php\/wp-json\/wp\/v2\/comments?post=13014"}],"version-history":[{"count":1,"href":"https:\/\/lahora.mx\/index.php\/wp-json\/wp\/v2\/posts\/13014\/revisions"}],"predecessor-version":[{"id":13016,"href":"https:\/\/lahora.mx\/index.php\/wp-json\/wp\/v2\/posts\/13014\/revisions\/13016"}],"wp:featuredmedia":[{"embeddable":true,"href":"https:\/\/lahora.mx\/index.php\/wp-json\/wp\/v2\/media\/13015"}],"wp:attachment":[{"href":"https:\/\/lahora.mx\/index.php\/wp-json\/wp\/v2\/media?parent=13014"}],"wp:term":[{"taxonomy":"category","embeddable":true,"href":"https:\/\/lahora.mx\/index.php\/wp-json\/wp\/v2\/categories?post=13014"},{"taxonomy":"post_tag","embeddable":true,"href":"https:\/\/lahora.mx\/index.php\/wp-json\/wp\/v2\/tags?post=13014"}],"curies":[{"name":"wp","href":"https:\/\/api.w.org\/{rel}","templated":true}]}}