{"id":12973,"date":"2022-09-07T01:15:49","date_gmt":"2022-09-07T01:15:49","guid":{"rendered":"http:\/\/lahora.mx\/?p=12973"},"modified":"2022-09-07T01:15:49","modified_gmt":"2022-09-07T01:15:49","slug":"tras-asalto-a-todo-un-bachillerato-bloquean-carretera-federal-puebla-oriental","status":"publish","type":"post","link":"https:\/\/lahora.mx\/index.php\/2022\/09\/07\/tras-asalto-a-todo-un-bachillerato-bloquean-carretera-federal-puebla-oriental\/","title":{"rendered":"Tras asalto a todo un bachillerato Bloquean carretera federal Puebla-Oriental"},"content":{"rendered":"\n<p>Esta ma\u00f1ana fue bloqueada la carretera federal Puebla-Oriental, a la altura del crucero de La Venta, por habitantes de El Rinc\u00f3n Citlalt\u00e9petl, quienes atravesaron unidades de carga pesada, veh\u00edculos, palos y piedras para evitar el paso veh\u00edcular.<\/p>\n\n\n\n<p>Los pobladores protestan por el violento asalto a los alumnos y personal docente del bachillerato \u00abAndr\u00e9s Saturnino Rosario\u00bb ubicado en la referida localidad, los delincuentes los despojaron de sus celulares y equipos de computo.<\/p>\n\n\n\n<p>Los inconformes indicaron que el grupo de hombres armados ingres\u00f3 al plantel educativo alrededor de las 13:00 horas del lunes y realizaron varias detonaciones de arma de fuego.<br><br>En entrevista, los manifestantes afirmaron que un docente result\u00f3 con una herida de bala y pese a la gravedad del hecho, acusaron desinter\u00e9s por parte de las autoridades municipales por lo que cansados de la inseguridad optaron por el cierre de la presidencia auxiliar y el bloqueo de la carretera, \u00abA ver si as\u00ed nos hacen caso\u00bb, aseveraron.<\/p>\n\n\n\n<p>Los habitantes exigen la presencia del presidente municipal de Nopalucan, Porfirio Peralta Benitez para que se comprometa a brindar mayor seguridad, de lo contrario indicaron que tomar\u00e1n medidas m\u00e1s extremas.<\/p>\n","protected":false},"excerpt":{"rendered":"<p>Esta ma\u00f1ana fue bloqueada la carretera federal Puebla-Oriental, a la altura del crucero de La Venta, por habitantes de El Rinc\u00f3n Citlalt\u00e9petl, quienes atravesaron unidades de carga pesada, veh\u00edculos, palos y piedras para evitar el paso veh\u00edcular. Los pobladores protestan por el violento asalto a los alumnos y personal docente del bachillerato \u00abAndr\u00e9s Saturnino Rosario\u00bb [&hellip;]<\/p>\n","protected":false},"author":4,"featured_media":12974,"comment_status":"open","ping_status":"open","sticky":false,"template":"","format":"standard","meta":{"om_disable_all_campaigns":false,"_monsterinsights_skip_tracking":false,"_monsterinsights_sitenote_active":false,"_monsterinsights_sitenote_note":"","_monsterinsights_sitenote_category":0,"footnotes":""},"categories":[175],"tags":[186,223],"class_list":["post-12973","post","type-post","status-publish","format-standard","has-post-thumbnail","hentry","category-local","tag-buap","tag-puebla"],"amp_enabled":true,"_links":{"self":[{"href":"https:\/\/lahora.mx\/index.php\/wp-json\/wp\/v2\/posts\/12973","targetHints":{"allow":["GET"]}}],"collection":[{"href":"https:\/\/lahora.mx\/index.php\/wp-json\/wp\/v2\/posts"}],"about":[{"href":"https:\/\/lahora.mx\/index.php\/wp-json\/wp\/v2\/types\/post"}],"author":[{"embeddable":true,"href":"https:\/\/lahora.mx\/index.php\/wp-json\/wp\/v2\/users\/4"}],"replies":[{"embeddable":true,"href":"https:\/\/lahora.mx\/index.php\/wp-json\/wp\/v2\/comments?post=12973"}],"version-history":[{"count":1,"href":"https:\/\/lahora.mx\/index.php\/wp-json\/wp\/v2\/posts\/12973\/revisions"}],"predecessor-version":[{"id":12975,"href":"https:\/\/lahora.mx\/index.php\/wp-json\/wp\/v2\/posts\/12973\/revisions\/12975"}],"wp:featuredmedia":[{"embeddable":true,"href":"https:\/\/lahora.mx\/index.php\/wp-json\/wp\/v2\/media\/12974"}],"wp:attachment":[{"href":"https:\/\/lahora.mx\/index.php\/wp-json\/wp\/v2\/media?parent=12973"}],"wp:term":[{"taxonomy":"category","embeddable":true,"href":"https:\/\/lahora.mx\/index.php\/wp-json\/wp\/v2\/categories?post=12973"},{"taxonomy":"post_tag","embeddable":true,"href":"https:\/\/lahora.mx\/index.php\/wp-json\/wp\/v2\/tags?post=12973"}],"curies":[{"name":"wp","href":"https:\/\/api.w.org\/{rel}","templated":true}]}}