{"id":12875,"date":"2022-09-04T18:11:17","date_gmt":"2022-09-04T18:11:17","guid":{"rendered":"http:\/\/lahora.mx\/?p=12875"},"modified":"2022-09-04T18:11:18","modified_gmt":"2022-09-04T18:11:18","slug":"asaltan-otro-camion-de-valores-en-puebla","status":"publish","type":"post","link":"https:\/\/lahora.mx\/index.php\/2022\/09\/04\/asaltan-otro-camion-de-valores-en-puebla\/","title":{"rendered":"Asaltan otro cami\u00f3n de valores en Puebla"},"content":{"rendered":"\n<p>Casi dos semanas despu\u00e9s de que cuatro sujetos armados se agarraran a balazos con custodios tras el asalto a un cami\u00f3n de valores en Puebla, en la avenida 11 Sur y se llevaran un mill\u00f3n 300 mil pesos, este fin de semana un grupo de hampones perpetr\u00f3 otro atraco contra una unidad de transporte de valores pero ahora sobre la autopista Atlixco-Puebla a la altura de Santa Isabel Cholula.<\/p>\n\n\n\n<p>Ah\u00ed seg\u00fan los datos de la polic\u00eda, los custodios de la empresa Global, fueron sorprendidos a balazos por hombres armados que se llevaron 600 mil pesos en efectivo, e incluso los delincuentes hirieron con proyectil de arma de fuego a uno de los custodios durante el asalto al cami\u00f3n de valores en Puebla.<br>Respecto a los hechos, se sabe que el d\u00eda s\u00e1bado el cami\u00f3n blindado de color gris y con raz\u00f3n social \u201cGlobal\u201d, circulaba sobre la tambi\u00e9n llamada V\u00eda Atlixc\u00e1yotl, de Atlixco a Puebla; al llegar al kil\u00f3metro 18, uno de los neum\u00e1ticos traseros de la unidad se pinch\u00f3 de tal forma que a los custodios no les qued\u00f3 mayor remedio que detenerse y tratar de arreglar la aver\u00eda.<\/p>\n\n\n\n<p>Fue en ese instante cuando los delincuentes salieron y sorprendieron a tiros a los custodios, logrando someterlos y herir de bala a uno de ellos. De esta forma los hampones se apoderaron de 600 mil pesos que todav\u00eda eran transportados en la unidad de valores.<\/p>\n\n\n\n<p>El hecho gener\u00f3 la movilizaci\u00f3n de polic\u00edas estatales y municipales de Atlixco as\u00ed como de T\u00e9cnicos en Urgencias M\u00e9dicas (TUM\u2019s) quienes atendieron al herido para despu\u00e9s llevarlo a un hospital<\/p>\n\n\n\n<p>Del asalto al cami\u00f3n de valores en Puebla se dio parte a los agentes ministeriales, quienes tambi\u00e9n llegaron y tomaron conocimiento del asunto; aunque se implement\u00f3 un operativo de b\u00fasqueda por la zona, no fue posible ubicar a los responsables.<\/p>\n\n\n\n<p>Este caso ocurre luego de que el pasado 22 de agosto, cuatro hombres armados asaltaron un cami\u00f3n de valores en la avenida 11 Sur, donde se desat\u00f3 una balacera entre custodios y delincuentes; dos guardias y un ladr\u00f3n resultaron heridos.<\/p>\n\n\n\n<p>D\u00edas despu\u00e9s, uno de los presuntos responsables del asalto al cami\u00f3n de valores en Puebla fue detenido por polic\u00edas de la capital del estado para continuar con las investigaciones a las que hubiera lugar.<\/p>\n","protected":false},"excerpt":{"rendered":"<p>Casi dos semanas despu\u00e9s de que cuatro sujetos armados se agarraran a balazos con custodios tras el asalto a un cami\u00f3n de valores en Puebla, en la avenida 11 Sur y se llevaran un mill\u00f3n 300 mil pesos, este fin de semana un grupo de hampones perpetr\u00f3 otro atraco contra una unidad de transporte de [&hellip;]<\/p>\n","protected":false},"author":4,"featured_media":12876,"comment_status":"open","ping_status":"open","sticky":false,"template":"","format":"standard","meta":{"om_disable_all_campaigns":false,"_monsterinsights_skip_tracking":false,"_monsterinsights_sitenote_active":false,"_monsterinsights_sitenote_note":"","_monsterinsights_sitenote_category":0,"footnotes":""},"categories":[175,226],"tags":[195,223],"class_list":["post-12875","post","type-post","status-publish","format-standard","has-post-thumbnail","hentry","category-local","category-policia","tag-principal","tag-puebla"],"amp_enabled":true,"_links":{"self":[{"href":"https:\/\/lahora.mx\/index.php\/wp-json\/wp\/v2\/posts\/12875","targetHints":{"allow":["GET"]}}],"collection":[{"href":"https:\/\/lahora.mx\/index.php\/wp-json\/wp\/v2\/posts"}],"about":[{"href":"https:\/\/lahora.mx\/index.php\/wp-json\/wp\/v2\/types\/post"}],"author":[{"embeddable":true,"href":"https:\/\/lahora.mx\/index.php\/wp-json\/wp\/v2\/users\/4"}],"replies":[{"embeddable":true,"href":"https:\/\/lahora.mx\/index.php\/wp-json\/wp\/v2\/comments?post=12875"}],"version-history":[{"count":1,"href":"https:\/\/lahora.mx\/index.php\/wp-json\/wp\/v2\/posts\/12875\/revisions"}],"predecessor-version":[{"id":12877,"href":"https:\/\/lahora.mx\/index.php\/wp-json\/wp\/v2\/posts\/12875\/revisions\/12877"}],"wp:featuredmedia":[{"embeddable":true,"href":"https:\/\/lahora.mx\/index.php\/wp-json\/wp\/v2\/media\/12876"}],"wp:attachment":[{"href":"https:\/\/lahora.mx\/index.php\/wp-json\/wp\/v2\/media?parent=12875"}],"wp:term":[{"taxonomy":"category","embeddable":true,"href":"https:\/\/lahora.mx\/index.php\/wp-json\/wp\/v2\/categories?post=12875"},{"taxonomy":"post_tag","embeddable":true,"href":"https:\/\/lahora.mx\/index.php\/wp-json\/wp\/v2\/tags?post=12875"}],"curies":[{"name":"wp","href":"https:\/\/api.w.org\/{rel}","templated":true}]}}