{"id":12853,"date":"2022-09-03T20:02:55","date_gmt":"2022-09-03T20:02:55","guid":{"rendered":"http:\/\/lahora.mx\/?p=12853"},"modified":"2022-09-03T20:02:56","modified_gmt":"2022-09-03T20:02:56","slug":"5-mdp-para-impulsar-empleos-en-puebla","status":"publish","type":"post","link":"https:\/\/lahora.mx\/index.php\/2022\/09\/03\/5-mdp-para-impulsar-empleos-en-puebla\/","title":{"rendered":"5 mdp para impulsar empleos en Puebla"},"content":{"rendered":"\n<p>El gobierno de Puebla recibir\u00e1 5 millones 511 mil 866 pesos de la Secretar\u00eda del Trabajo y Previsi\u00f3n Social para el funcionamiento del Programa de Apoyo al Empleo, pero a cambio el gobierno estatal deber\u00e1 aportar 17 millones 336 mil 852 pesos, de acuerdo con un convenio publicado en el Diario Oficial de la Federaci\u00f3n (DOF).<\/p>\n\n\n\n<p>Los recursos provenientes de la federaci\u00f3n deber\u00e1n emplearse en consejeros laborales y ferias de empleo, seg\u00fan el acuerdo entre los dos \u00f3rdenes de gobierno.<\/p>\n\n\n\n<p>Del monto aportado por el gobierno estatal, 3 millones 488 mil 31.36 pesos se deber\u00e1n emplear para la Oficina del Servicio Nacional de Empleo Puebla (OSNE). El dinero se podr\u00eda usar para contratar trabajadores, as\u00ed como para pagar vi\u00e1ticos, pasajes, servicio telef\u00f3nico, combustible, arrendamiento de inmuebles, entre otros servicios.<br>Otros 8 millones 400 mil pesos ser\u00edan para programas complementarios en materia de empleo u ocupaci\u00f3n productiva, que se lleven a cabo en favor de la poblaci\u00f3n buscadora de trabajo, y podr\u00edan ser propuestas o acordadas con la Unidad del Servicio Nacional de Empleo (USNE).<\/p>\n\n\n\n<p>Se ocupar\u00edan 5 millones 448 mil 820.64 pesos para el fortalecimiento de la OSNE, a fin de potenciar y ampliar la cobertura del Programa de Apoyo al Empelo, as\u00ed como para los programas complementarios.<\/p>\n\n\n\n<p>De acuerdo con el Instituto Nacional de Estad\u00edstica, Geograf\u00eda e Inform\u00e1tica (INEGI), hasta el segundo trimestre del 2022, hab\u00eda en Puebla 91 mil 541 personas que no encontraban trabajo, lo perdieron o por alguna raz\u00f3n, estaban desempleadas.<\/p>\n\n\n\n<p>La ocupaci\u00f3n en Puebla en los primeros seis meses del 2022 fue del 97 por ciento, sin embargo, el 85 por ciento se compone de trabajos informale, seg\u00fan la \u00faltima Encuesta Nacional de Ocupaci\u00f3n y Empleo (ENOE).<\/p>\n","protected":false},"excerpt":{"rendered":"<p>El gobierno de Puebla recibir\u00e1 5 millones 511 mil 866 pesos de la Secretar\u00eda del Trabajo y Previsi\u00f3n Social para el funcionamiento del Programa de Apoyo al Empleo, pero a cambio el gobierno estatal deber\u00e1 aportar 17 millones 336 mil 852 pesos, de acuerdo con un convenio publicado en el Diario Oficial de la Federaci\u00f3n [&hellip;]<\/p>\n","protected":false},"author":4,"featured_media":12854,"comment_status":"open","ping_status":"open","sticky":false,"template":"","format":"standard","meta":{"om_disable_all_campaigns":false,"_monsterinsights_skip_tracking":false,"_monsterinsights_sitenote_active":false,"_monsterinsights_sitenote_note":"","_monsterinsights_sitenote_category":0,"footnotes":""},"categories":[175],"tags":[29,195,223],"class_list":["post-12853","post","type-post","status-publish","format-standard","has-post-thumbnail","hentry","category-local","tag-business","tag-principal","tag-puebla"],"amp_enabled":true,"_links":{"self":[{"href":"https:\/\/lahora.mx\/index.php\/wp-json\/wp\/v2\/posts\/12853","targetHints":{"allow":["GET"]}}],"collection":[{"href":"https:\/\/lahora.mx\/index.php\/wp-json\/wp\/v2\/posts"}],"about":[{"href":"https:\/\/lahora.mx\/index.php\/wp-json\/wp\/v2\/types\/post"}],"author":[{"embeddable":true,"href":"https:\/\/lahora.mx\/index.php\/wp-json\/wp\/v2\/users\/4"}],"replies":[{"embeddable":true,"href":"https:\/\/lahora.mx\/index.php\/wp-json\/wp\/v2\/comments?post=12853"}],"version-history":[{"count":1,"href":"https:\/\/lahora.mx\/index.php\/wp-json\/wp\/v2\/posts\/12853\/revisions"}],"predecessor-version":[{"id":12855,"href":"https:\/\/lahora.mx\/index.php\/wp-json\/wp\/v2\/posts\/12853\/revisions\/12855"}],"wp:featuredmedia":[{"embeddable":true,"href":"https:\/\/lahora.mx\/index.php\/wp-json\/wp\/v2\/media\/12854"}],"wp:attachment":[{"href":"https:\/\/lahora.mx\/index.php\/wp-json\/wp\/v2\/media?parent=12853"}],"wp:term":[{"taxonomy":"category","embeddable":true,"href":"https:\/\/lahora.mx\/index.php\/wp-json\/wp\/v2\/categories?post=12853"},{"taxonomy":"post_tag","embeddable":true,"href":"https:\/\/lahora.mx\/index.php\/wp-json\/wp\/v2\/tags?post=12853"}],"curies":[{"name":"wp","href":"https:\/\/api.w.org\/{rel}","templated":true}]}}