{"id":12810,"date":"2022-09-02T00:27:09","date_gmt":"2022-09-02T00:27:09","guid":{"rendered":"http:\/\/lahora.mx\/?p=12810"},"modified":"2022-09-02T01:02:34","modified_gmt":"2022-09-02T01:02:34","slug":"se-nos-cayo-la-economia-pero-ya-logramos-recuperar-menciona-amlo","status":"publish","type":"post","link":"https:\/\/lahora.mx\/index.php\/2022\/09\/02\/se-nos-cayo-la-economia-pero-ya-logramos-recuperar-menciona-amlo\/","title":{"rendered":"Se nos cay\u00f3 la econom\u00eda, pero ya logramos recuperar menciona AMLO"},"content":{"rendered":"\n<p>El presidente Andr\u00e9s Manuel L\u00f3pez Obrador dijo este jueves en el marco de su cuarto informe de Gobierno, que a pesar de las adversidades estamos saliendo adelante, \u201cse nos cay\u00f3 la econom\u00eda pero ya logramos recuperar los niveles previos al Covid-19\u201d, se\u00f1al\u00f3.<\/p>\n\n\n\n<p>\u201cEn estos a\u00f1os hemos enfrentado grandes desaf\u00edos, como la pandemia y la crisis econ\u00f3mica, sin embargo, estas dif\u00edciles circunstancias nos ponen a prueba y dejan de manifiesto si funciona el proyecto de cambio que iniciamos\u201d, sentenci\u00f3 desde Palacio Nacional.<br>El primer mandatario presumi\u00f3 que la pol\u00edtica de cero corrupci\u00f3n implementada por su gobierno ha permitido contar con alrededor de 2.4 billones de pesos adicionales.<br>L\u00f3pez Obrador asegur\u00f3 que sin el subsidio a las gasolinas que implement\u00f3 la Secretar\u00eda de Hacienda y Cr\u00e9dito P\u00fablico, la inflaci\u00f3n habr\u00eda llegado al 14% y el poder adquisitivo del salario hubiera ca\u00eddo hasta un 12 por ciento. Actualmente, la inflaci\u00f3n en el pa\u00eds se ubica en 8.62 por ciento.<br>Destac\u00f3 que hoy existen inscritos al Instituto Mexicano del Seguro Social (IMSS), 21 millones 236,866 trabajadores. Adem\u00e1s de que con los programas del Bienestar, los adultos mayores aumentaron sus ingresos, mientras que el ingreso laboral increment\u00f3 4.8 por ciento.<br>\u201cEn M\u00e9xico ya no domina la oligarqu\u00eda, sino que existe un gobierno democr\u00e1tico cuya prioridad son los pobres\u201d \u2026, concluy\u00f3 el presidente su Cuarto Informe de Gobierno.<\/p>\n","protected":false},"excerpt":{"rendered":"<p>El presidente Andr\u00e9s Manuel L\u00f3pez Obrador dijo este jueves en el marco de su cuarto informe de Gobierno, que a pesar de las adversidades estamos saliendo adelante, \u201cse nos cay\u00f3 la econom\u00eda pero ya logramos recuperar los niveles previos al Covid-19\u201d, se\u00f1al\u00f3. \u201cEn estos a\u00f1os hemos enfrentado grandes desaf\u00edos, como la pandemia y la crisis [&hellip;]<\/p>\n","protected":false},"author":4,"featured_media":12811,"comment_status":"open","ping_status":"open","sticky":false,"template":"","format":"standard","meta":{"om_disable_all_campaigns":false,"_monsterinsights_skip_tracking":false,"_monsterinsights_sitenote_active":false,"_monsterinsights_sitenote_note":"","_monsterinsights_sitenote_category":0,"footnotes":""},"categories":[176],"tags":[],"class_list":["post-12810","post","type-post","status-publish","format-standard","has-post-thumbnail","hentry","category-nacional"],"amp_enabled":true,"_links":{"self":[{"href":"https:\/\/lahora.mx\/index.php\/wp-json\/wp\/v2\/posts\/12810","targetHints":{"allow":["GET"]}}],"collection":[{"href":"https:\/\/lahora.mx\/index.php\/wp-json\/wp\/v2\/posts"}],"about":[{"href":"https:\/\/lahora.mx\/index.php\/wp-json\/wp\/v2\/types\/post"}],"author":[{"embeddable":true,"href":"https:\/\/lahora.mx\/index.php\/wp-json\/wp\/v2\/users\/4"}],"replies":[{"embeddable":true,"href":"https:\/\/lahora.mx\/index.php\/wp-json\/wp\/v2\/comments?post=12810"}],"version-history":[{"count":1,"href":"https:\/\/lahora.mx\/index.php\/wp-json\/wp\/v2\/posts\/12810\/revisions"}],"predecessor-version":[{"id":12812,"href":"https:\/\/lahora.mx\/index.php\/wp-json\/wp\/v2\/posts\/12810\/revisions\/12812"}],"wp:featuredmedia":[{"embeddable":true,"href":"https:\/\/lahora.mx\/index.php\/wp-json\/wp\/v2\/media\/12811"}],"wp:attachment":[{"href":"https:\/\/lahora.mx\/index.php\/wp-json\/wp\/v2\/media?parent=12810"}],"wp:term":[{"taxonomy":"category","embeddable":true,"href":"https:\/\/lahora.mx\/index.php\/wp-json\/wp\/v2\/categories?post=12810"},{"taxonomy":"post_tag","embeddable":true,"href":"https:\/\/lahora.mx\/index.php\/wp-json\/wp\/v2\/tags?post=12810"}],"curies":[{"name":"wp","href":"https:\/\/api.w.org\/{rel}","templated":true}]}}