{"id":12785,"date":"2022-09-01T14:32:19","date_gmt":"2022-09-01T14:32:19","guid":{"rendered":"http:\/\/lahora.mx\/?p=12785"},"modified":"2022-09-01T14:32:20","modified_gmt":"2022-09-01T14:32:20","slug":"se-rechaza-de-nuevo-alza-salarial-y-alistan-huelga-en-volkswagen-puebla","status":"publish","type":"post","link":"https:\/\/lahora.mx\/index.php\/2022\/09\/01\/se-rechaza-de-nuevo-alza-salarial-y-alistan-huelga-en-volkswagen-puebla\/","title":{"rendered":"Se rechaza de nuevo alza salarial y alistan huelga en Volkswagen Puebla"},"content":{"rendered":"\n<p>En un hecho in\u00e9dito el Sindicato Independiente de Trabajadores de Volkswagen (Sitiavw) en Puebla rechaz\u00f3 el aumento salarial del 11 por ciento que la empresa ofreci\u00f3, con 3 mil 450 votos en contra y 3 mil 225 a favor en la segunda votaci\u00f3n realizada este mi\u00e9rcoles.<\/p>\n\n\n\n<p>Cerca de 7 mil trabajadores de Volkswagen Puebla acudieron este d\u00eda a votar la propuesta salarial y contractual para el periodo 2022-2023, luego de que no pudo concretarse en la primera votaci\u00f3n el 5 de agosto.<\/p>\n\n\n\n<p>La propuesta que la armadora ofreci\u00f3 consist\u00eda en un aumento del 9 por ciento al salario y 2 por ciento a prestaciones, pero el sindicato solicit\u00f3 el 15.5 por ciento directo al salario y 3.5 por ciento a prestaciones.<br>En la primera votaci\u00f3n tendr\u00edan que haber por lo menos 3 mil 434 votos a favor o en contra para hacer v\u00e1lida la consulta, pero solo se alcanzaron 2 mil 586 en contra y 2 mil 248 a favor, de ah\u00ed que se tuvo que repetir la votaci\u00f3n por orden del Centro Federal de Conciliaci\u00f3n y Registro Laboral.<\/p>\n\n\n\n<p>Para incentivar la participaci\u00f3n el Sitiavw declar\u00f3 paro t\u00e9cnico para los tres turnos, facilit\u00f3 un servicio de transporte y la votaci\u00f3n se llev\u00f3 a cabo en la planta.<\/p>\n\n\n\n<p>\u00bfHabr\u00e1 huelga en Volkswagen de Puebla?<\/p>\n\n\n\n<p>El l\u00edder del Sitiavw, Jos\u00e9 Juan Hern\u00e1ndez L\u00f3pez, dio a conocer hace unos d\u00edas que, de no llegar a un acuerdo en la segunda votaci\u00f3n, el siguiente paso ser\u00eda declarar la huelga en Volkswagen el 9 de septiembre a las 11 horas.<br><br>De acuerdo con el abogado del sindicato, Arturo Blasquez, la huelga podr\u00eda ser declarada inexistente si se comprueba que fueron violadas las peticiones que los trabajadores hicieron originalmente a la empresa, as\u00ed que estos perder\u00edan la negociaci\u00f3n y no alcanzar\u00edan aumento salarial.<\/p>\n\n\n\n<p>El otro escenario es que la huelga sea efectiva y el sindicato de Volkswagen Puebla estar\u00eda en posici\u00f3n de negociar un nuevo acuerdo salarial, el cual tendr\u00eda que volver a ser sometido a votaci\u00f3n.<\/p>\n","protected":false},"excerpt":{"rendered":"<p>En un hecho in\u00e9dito el Sindicato Independiente de Trabajadores de Volkswagen (Sitiavw) en Puebla rechaz\u00f3 el aumento salarial del 11 por ciento que la empresa ofreci\u00f3, con 3 mil 450 votos en contra y 3 mil 225 a favor en la segunda votaci\u00f3n realizada este mi\u00e9rcoles. Cerca de 7 mil trabajadores de Volkswagen Puebla acudieron [&hellip;]<\/p>\n","protected":false},"author":4,"featured_media":12786,"comment_status":"open","ping_status":"open","sticky":false,"template":"","format":"standard","meta":{"om_disable_all_campaigns":false,"_monsterinsights_skip_tracking":false,"_monsterinsights_sitenote_active":false,"_monsterinsights_sitenote_note":"","_monsterinsights_sitenote_category":0,"footnotes":""},"categories":[175],"tags":[195,223],"class_list":["post-12785","post","type-post","status-publish","format-standard","has-post-thumbnail","hentry","category-local","tag-principal","tag-puebla"],"amp_enabled":true,"_links":{"self":[{"href":"https:\/\/lahora.mx\/index.php\/wp-json\/wp\/v2\/posts\/12785","targetHints":{"allow":["GET"]}}],"collection":[{"href":"https:\/\/lahora.mx\/index.php\/wp-json\/wp\/v2\/posts"}],"about":[{"href":"https:\/\/lahora.mx\/index.php\/wp-json\/wp\/v2\/types\/post"}],"author":[{"embeddable":true,"href":"https:\/\/lahora.mx\/index.php\/wp-json\/wp\/v2\/users\/4"}],"replies":[{"embeddable":true,"href":"https:\/\/lahora.mx\/index.php\/wp-json\/wp\/v2\/comments?post=12785"}],"version-history":[{"count":1,"href":"https:\/\/lahora.mx\/index.php\/wp-json\/wp\/v2\/posts\/12785\/revisions"}],"predecessor-version":[{"id":12787,"href":"https:\/\/lahora.mx\/index.php\/wp-json\/wp\/v2\/posts\/12785\/revisions\/12787"}],"wp:featuredmedia":[{"embeddable":true,"href":"https:\/\/lahora.mx\/index.php\/wp-json\/wp\/v2\/media\/12786"}],"wp:attachment":[{"href":"https:\/\/lahora.mx\/index.php\/wp-json\/wp\/v2\/media?parent=12785"}],"wp:term":[{"taxonomy":"category","embeddable":true,"href":"https:\/\/lahora.mx\/index.php\/wp-json\/wp\/v2\/categories?post=12785"},{"taxonomy":"post_tag","embeddable":true,"href":"https:\/\/lahora.mx\/index.php\/wp-json\/wp\/v2\/tags?post=12785"}],"curies":[{"name":"wp","href":"https:\/\/api.w.org\/{rel}","templated":true}]}}