{"id":12782,"date":"2022-08-31T23:58:08","date_gmt":"2022-08-31T23:58:08","guid":{"rendered":"http:\/\/lahora.mx\/?p=12782"},"modified":"2022-08-31T23:58:08","modified_gmt":"2022-08-31T23:58:08","slug":"20-policias-de-quimixtlan-son-detenido-por-vinculos-criminales","status":"publish","type":"post","link":"https:\/\/lahora.mx\/index.php\/2022\/08\/31\/20-policias-de-quimixtlan-son-detenido-por-vinculos-criminales\/","title":{"rendered":"20 polic\u00edas de Quimixtl\u00e1n son detenido por v\u00ednculos criminales"},"content":{"rendered":"\n<p>En el operativo particip\u00f3 personal del Ej\u00e9rcito Mexicano y de la Guardia Nacional, los cuales arribaron a la comandancia el cambio de turno para asegurar a los agentes policiacos, asimismo, decomisaron armamento, patrullas y chalecos.<br>Se sabe que los uniformados se encuentran en el Ministerio P\u00fablico del municipio de Guadalupe Victoria para rendir su declaraci\u00f3n.<\/p>\n\n\n\n<p>Hasta el momento, el ayuntamiento de Quimixtl\u00e1n, encabezado por Armando Pimentel G\u00f3mez, no ha realizado una declaraci\u00f3n al respecto.<\/p>\n","protected":false},"excerpt":{"rendered":"<p>En el operativo particip\u00f3 personal del Ej\u00e9rcito Mexicano y de la Guardia Nacional, los cuales arribaron a la comandancia el cambio de turno para asegurar a los agentes policiacos, asimismo, decomisaron armamento, patrullas y chalecos.Se sabe que los uniformados se encuentran en el Ministerio P\u00fablico del municipio de Guadalupe Victoria para rendir su declaraci\u00f3n. Hasta [&hellip;]<\/p>\n","protected":false},"author":4,"featured_media":12783,"comment_status":"open","ping_status":"open","sticky":false,"template":"","format":"standard","meta":{"om_disable_all_campaigns":false,"_monsterinsights_skip_tracking":false,"_monsterinsights_sitenote_active":false,"_monsterinsights_sitenote_note":"","_monsterinsights_sitenote_category":0,"footnotes":""},"categories":[175,176],"tags":[],"class_list":["post-12782","post","type-post","status-publish","format-standard","has-post-thumbnail","hentry","category-local","category-nacional"],"amp_enabled":true,"_links":{"self":[{"href":"https:\/\/lahora.mx\/index.php\/wp-json\/wp\/v2\/posts\/12782","targetHints":{"allow":["GET"]}}],"collection":[{"href":"https:\/\/lahora.mx\/index.php\/wp-json\/wp\/v2\/posts"}],"about":[{"href":"https:\/\/lahora.mx\/index.php\/wp-json\/wp\/v2\/types\/post"}],"author":[{"embeddable":true,"href":"https:\/\/lahora.mx\/index.php\/wp-json\/wp\/v2\/users\/4"}],"replies":[{"embeddable":true,"href":"https:\/\/lahora.mx\/index.php\/wp-json\/wp\/v2\/comments?post=12782"}],"version-history":[{"count":1,"href":"https:\/\/lahora.mx\/index.php\/wp-json\/wp\/v2\/posts\/12782\/revisions"}],"predecessor-version":[{"id":12784,"href":"https:\/\/lahora.mx\/index.php\/wp-json\/wp\/v2\/posts\/12782\/revisions\/12784"}],"wp:featuredmedia":[{"embeddable":true,"href":"https:\/\/lahora.mx\/index.php\/wp-json\/wp\/v2\/media\/12783"}],"wp:attachment":[{"href":"https:\/\/lahora.mx\/index.php\/wp-json\/wp\/v2\/media?parent=12782"}],"wp:term":[{"taxonomy":"category","embeddable":true,"href":"https:\/\/lahora.mx\/index.php\/wp-json\/wp\/v2\/categories?post=12782"},{"taxonomy":"post_tag","embeddable":true,"href":"https:\/\/lahora.mx\/index.php\/wp-json\/wp\/v2\/tags?post=12782"}],"curies":[{"name":"wp","href":"https:\/\/api.w.org\/{rel}","templated":true}]}}