{"id":12765,"date":"2022-08-31T23:41:49","date_gmt":"2022-08-31T23:41:49","guid":{"rendered":"http:\/\/lahora.mx\/?p=12765"},"modified":"2022-08-31T23:41:49","modified_gmt":"2022-08-31T23:41:49","slug":"banxico-espera-una-mayor-inflacion-para-2023-recorta-a-1-6-su-expectativa-de-crecimiento","status":"publish","type":"post","link":"https:\/\/lahora.mx\/index.php\/2022\/08\/31\/banxico-espera-una-mayor-inflacion-para-2023-recorta-a-1-6-su-expectativa-de-crecimiento\/","title":{"rendered":"Banxico espera una mayor inflaci\u00f3n para 2023 recorta a 1.6% su expectativa de crecimiento"},"content":{"rendered":"\n<p>El Banco de M\u00e9xico (Banxico) recort\u00f3 su expectativa de crecimiento para el Producto Interno Bruto (PIB) del pr\u00f3ximo a\u00f1o. Ahora, su escenario central es de un avance de 1.6% que contrasta con el 2.4% previsto en junio.<\/p>\n\n\n\n<p>Al interior del informe trimestral, divulgado en conferencia remota, los miembros de la Junta de Gobierno dejaron sin cambio su escenario central de crecimiento para este a\u00f1o, en 2.2% donde se encuentra desde diciembre pasado.<br><br>El pron\u00f3stico contempla la posibilidad de que el desempe\u00f1o del PIB se encuentre en un rango de 2.7% a 1.7%, que est\u00e1 lejos de la proyecci\u00f3n oficial del gobierno que se encuentra en 2.4 por ciento.<\/p>\n\n\n\n<p>Las previsiones para la inflaci\u00f3n, se mantuvieron sin cambio respecto del panorama descrito en el comunicado de la decisi\u00f3n de que el pico de la inflaci\u00f3n se vivir\u00e1 en este tercer trimestre<br> cuando alcanzar\u00e1 una variaci\u00f3n anual de 8.5 por ciento. Esta es la previsi\u00f3n m\u00e1s alta que han desplegado para el pico de la inflaci\u00f3n desde el anuncio de febrero, el primero del a\u00f1o, cuando proyectaron que ser\u00eda de 4.6 por ciento anual.<\/p>\n\n\n\n<p>Lo que s\u00ed han mantenido inamovible es el punto m\u00e1s alto de la inflaci\u00f3n esperada.<br>De acuerdo con los pron\u00f3sticos de inflaci\u00f3n, anticipan que en el cuarto trimestre de 2022 el INPC registrar\u00e1 una variaci\u00f3n anual de 8.1%, una expectativa que est\u00e1 seis d\u00e9cimas de punto arriba de su proyecci\u00f3n de junio, que estaba en 7.5% y se encuentra lejos del 4% que proyectaron en el anuncio de febrero.<\/p>\n","protected":false},"excerpt":{"rendered":"<p>El Banco de M\u00e9xico (Banxico) recort\u00f3 su expectativa de crecimiento para el Producto Interno Bruto (PIB) del pr\u00f3ximo a\u00f1o. Ahora, su escenario central es de un avance de 1.6% que contrasta con el 2.4% previsto en junio. Al interior del informe trimestral, divulgado en conferencia remota, los miembros de la Junta de Gobierno dejaron sin [&hellip;]<\/p>\n","protected":false},"author":4,"featured_media":12768,"comment_status":"open","ping_status":"open","sticky":false,"template":"","format":"standard","meta":{"om_disable_all_campaigns":false,"_monsterinsights_skip_tracking":false,"_monsterinsights_sitenote_active":false,"_monsterinsights_sitenote_note":"","_monsterinsights_sitenote_category":0,"footnotes":""},"categories":[176],"tags":[29],"class_list":["post-12765","post","type-post","status-publish","format-standard","has-post-thumbnail","hentry","category-nacional","tag-business"],"amp_enabled":true,"_links":{"self":[{"href":"https:\/\/lahora.mx\/index.php\/wp-json\/wp\/v2\/posts\/12765","targetHints":{"allow":["GET"]}}],"collection":[{"href":"https:\/\/lahora.mx\/index.php\/wp-json\/wp\/v2\/posts"}],"about":[{"href":"https:\/\/lahora.mx\/index.php\/wp-json\/wp\/v2\/types\/post"}],"author":[{"embeddable":true,"href":"https:\/\/lahora.mx\/index.php\/wp-json\/wp\/v2\/users\/4"}],"replies":[{"embeddable":true,"href":"https:\/\/lahora.mx\/index.php\/wp-json\/wp\/v2\/comments?post=12765"}],"version-history":[{"count":1,"href":"https:\/\/lahora.mx\/index.php\/wp-json\/wp\/v2\/posts\/12765\/revisions"}],"predecessor-version":[{"id":12769,"href":"https:\/\/lahora.mx\/index.php\/wp-json\/wp\/v2\/posts\/12765\/revisions\/12769"}],"wp:featuredmedia":[{"embeddable":true,"href":"https:\/\/lahora.mx\/index.php\/wp-json\/wp\/v2\/media\/12768"}],"wp:attachment":[{"href":"https:\/\/lahora.mx\/index.php\/wp-json\/wp\/v2\/media?parent=12765"}],"wp:term":[{"taxonomy":"category","embeddable":true,"href":"https:\/\/lahora.mx\/index.php\/wp-json\/wp\/v2\/categories?post=12765"},{"taxonomy":"post_tag","embeddable":true,"href":"https:\/\/lahora.mx\/index.php\/wp-json\/wp\/v2\/tags?post=12765"}],"curies":[{"name":"wp","href":"https:\/\/api.w.org\/{rel}","templated":true}]}}